{"id":1457,"date":"2014-05-25T10:13:26","date_gmt":"2014-05-25T08:13:26","guid":{"rendered":"http:\/\/test-sitoweb.it\/polandpol\/sive-incontra-la-ricerca-italiana\/"},"modified":"2014-05-25T10:13:26","modified_gmt":"2014-05-25T08:13:26","slug":"sive-incontra-la-ricerca-italiana","status":"publish","type":"post","link":"https:\/\/www.polandpol.it\/en\/sive-incontra-la-ricerca-italiana\/","title":{"rendered":"Sive incontra la ricerca italiana"},"content":{"rendered":"<div>\n<p align=\"center\">SIVE INCONTRA LA RICERCA ITALIANA:<\/p>\n<p align=\"center\"><strong>Centro per la Sperimentazione in Vitivinicoltura <\/strong><\/p>\n<p align=\"center\"><strong>Provincia di Verona <\/strong><\/p>\n<p align=\"center\">11 dicembre 2014<\/p>\n<p align=\"center\">\n<p align=\"center\"><strong>Variet\u00e0 resistenti a peronospora e oidio: realt\u00e0 e prospettive. <\/strong><\/p>\n<p align=\"center\"><strong>malattie del legno della vite <\/strong><\/p>\n<p>La sostenibilit\u00e0 ambientale delle pratiche agronomiche, ed in particolare la riduzione del numero di trattamenti fitosanitari, \u00e8 tra le sfide pi\u00f9 importanti che la moderna viticoltura deve affrontare. Una delle possibili strade da percorrere \u00e8 l\u2019introduzione di variet\u00e0 resistenti o tolleranti a malattie quali la peronospora e oidio. Tale strada, un tempo poco praticata a favore dell\u2019utilizzo di principi chimici di difesa, vede attualmente in corso in Europa ma anche in Italia numerosi progetti di ibridazione per ottenere piante resistenti di <em>Vits vinifera<\/em>. Nel corso del 2014 sono state iscritte al Catalogo Nazionale delle Variet\u00e0 di Vite otto variet\u00e0 resistenti o tolleranti a Peronospora e Odio e alcune regioni ne hanno gi\u00e0 permesso l\u2019utilizzo. Dal 2010 la Provincia di Verona ha iniziato un progetto di valutazione viticola ed enologica di alcuni di questi vitigni per verificarne l\u2019adattabilit\u00e0 all\u2019ambiente veronese. In questo incontro si portano le esperienze ottenute presso il Centro Sperimentale ma anche di realt\u00e0 vicine che da pi\u00f9 tempo si occupano di questi aspetti. Durante la giornata sar\u00e0 possibile valutare da un punto di vista enologico\/degustativo sia i vini ottenuti da micro vinificazioni sperimentali, sia alcuni prodotti commerciali.<\/p>\n<p>Per completare la giornata si affronteranno alcune problematiche fitosanitarie di attualit\u00e0 della vite, che vedono la Provincia collaborare con altri Istituiti, quali l\u2019<em>Agrobacterim vitis<\/em> (tumore batterico della vite), GPGV (malattia del Pinot grigio) e il Mal dell\u2019esca. Si approfitter\u00e0 inoltre dell\u2019occasione per consegnare i Premi SIVE per il dottorato di Ricerca in Viticoltura e in Enologia. Codice attivit\u00e0 SIV14G<\/p>\n<p>&nbsp;<\/p>\n<p><strong>Sede<\/strong>: Provincia di Verona, Servizio Agricoltura, San Floriano (Verona)<\/p>\n<p><strong>Docenti<\/strong>: dott. Emanuele TOSI, dott. Elio BOSCAINI, dott. Volker J\u00d6RGER, dott.ssa Elisa ANGELINI, dott. Enrico MARCHESINI<\/p>\n<p>&nbsp;<\/p>\n<p align=\"center\">PROGRAMMA IN SINTESI<\/p>\n<p>8h30\u00a0\u00a0\u00a0\u00a0\u00a0\u00a0\u00a0\u00a0\u00a0\u00a0\u00a0\u00a0\u00a0 Inizio operazioni di segreteria<\/p>\n<p>9h00-9h15\u00a0\u00a0\u00a0\u00a0\u00a0 Saluti introduttivi prof. <strong>Emilio Celotti<\/strong>, presidente SIVE; Dott. <strong>Giorgio Baroni<\/strong>, Dirigente Servizio Agricoltura Provincia di Verona<\/p>\n<p>&nbsp;<\/p>\n<p>9h15-10h00\u00a0\u00a0\u00a0\u00a0 Cerimonia di consegna dei Premi SIVE per il Dottorato di Ricerca 2013-2014<\/p>\n<p>9h15-9h35\u00a0\u00a0\u00a0 \u201cSintesi del lavoro vincitore del Premio SIVE per il dottorato di ricerca in Viticoltura\u201d<\/p>\n<p>9h35-9h55\u00a0\u00a0\u00a0 \u201cSintesi del lavoro vincitore del Premio SIVE per il dottorato di ricerca in Enologia\u201d<\/p>\n<p>9h55-10h00\u00a0 Consegna dei premi da parte del Presidente SIVE.<\/p>\n<p>&nbsp;<\/p>\n<p>10h00-10h30\u00a0\u00a0 \u201cAttivit\u00e0 del Centro Sperimentale e introduzione alle variet\u00e0 resistenti\u201d, <strong>E. Tosi<\/strong>, <em>Centro per la Sperimentazione in Vitivinicoltura Prov. VR<\/em><\/p>\n<p>10h30-10h50\u00a0\u00a0 \u201cValutazione agronomica ed enologica di alcuni vitigni resistenti a peronospora e oidio nell\u2019ambiente veronese\u201d, <strong>E. Tosi, E. Boscaini<\/strong>, <em>Centro per la Sperimentazione in Vitivinicoltura Prov. VR<\/em><\/p>\n<p>10h50-11h10\u00a0\u00a0 Pausa caff\u00e8<\/p>\n<p>11h10-12h00\u00a0\u00a0 \u201cObiettivi e prospettive dei progetti per nuovi vitigni resistenti\u201d, <strong>V. J\u00f6rger<\/strong>, <em>Istituto Vitivinicolo di Friburgo (D)<\/em> [con traduzione consecutiva]<\/p>\n<p>12h00-13h00\u00a0\u00a0 Degustazione di vini sperimentali e di vini commerciali da variet\u00e0 resistenti e discussione<\/p>\n<p>&nbsp;<\/p>\n<p>13h00-14h30\u00a0\u00a0 Pausa pranzo<\/p>\n<p>&nbsp;<\/p>\n<p>14h30-15h10\u00a0\u00a0 \u201cDue malattie emergenti nella vite: il tumore batterico e la malattia del Pinot Grigio\u201d, <strong>E. Angelini<\/strong>, <em>CRA-VIT Conegliano (TV)<\/em><\/p>\n<p>15h10-15h50\u00a0\u00a0 \u201cIndagine sul mal dell\u2019esca in vigneti del veronese\u201d <strong>E. Marchesini<\/strong>, <em>Centro Studi Agrea<\/em> <em>S. Giovanni Lupatoto (VR)<\/em><\/p>\n<p>&nbsp;<\/p>\n<p>15h50-16h10\u00a0\u00a0 Discussione e conclusioni<\/p>\n<p>&nbsp;<\/p>\n<p>16h30-19h00\u00a0\u00a0 Colleghi nel Bicchiere, <strong>Celestino Gaspari<\/strong> (c\/o cantina <em>Zym\u00e8<\/em>)<\/p>\n<p>&nbsp;<\/p>\n<p><strong>Condizioni speciali saranno applicate ai Soci SIVE 2015<sup>(*)<\/sup> ed alle iscrizioni effettuate entro il 28 novembre 2014.<\/strong><\/p>\n<table border=\"1\" cellspacing=\"0\" cellpadding=\"0\" align=\"left\">\n<tbody>\n<tr>\n<td><strong>Quote di partecipazione<\/strong> (<u>IVA inclusa<\/u>)<\/td>\n<td>\n<p align=\"center\"><strong>soci SIVE 2015<\/strong><\/p>\n<\/td>\n<td>\n<p align=\"center\"><strong>NON<\/strong> soci<strong> SIVE<\/strong><\/p>\n<\/td>\n<td>\n<p align=\"center\"><strong>Studenti<sup>(**)<\/sup><\/strong><\/p>\n<\/td>\n<\/tr>\n<tr>\n<td>\n<p align=\"right\"><strong>entro il 28 novembre 2014<\/strong><\/p>\n<\/td>\n<td>\n<p align=\"center\"><strong>140,00 \u20ac<\/strong><\/p>\n<\/td>\n<td>\n<p align=\"center\"><strong>200,00 \u20ac<\/strong><\/p>\n<\/td>\n<td>\n<p align=\"center\"><strong>70,00 \u20ac<\/strong><\/p>\n<\/td>\n<\/tr>\n<tr>\n<td>\n<p align=\"right\">dopo il 28 novembre<\/p>\n<\/td>\n<td>\n<p align=\"center\">180,00 \u20ac<\/p>\n<\/td>\n<td>\n<p align=\"center\">240,00 \u20ac<\/p>\n<\/td>\n<td>\n<p align=\"center\">90,00 \u20ac<\/p>\n<\/td>\n<\/tr>\n<\/tbody>\n<\/table>\n<p>&nbsp;<\/p>\n<p>La quota <strong>comprende<\/strong> la partecipazione al convegno ed alla degustazione dei vini da variet\u00e0 resistenti, il materiale didattico, l\u2019attestato di partecipazione ed il pranzo.<\/p>\n<p>&nbsp;<\/p>\n<p>La quota <strong>non comprende<\/strong>: caff\u00e8 e bevande durante le pause, gli eventuali pernottamenti (che dovranno essere prenotati autonomamente dai partecipanti); tutto quanto non espressamente previsto dal programma.<\/p>\n<p><strong>NB:<\/strong> <strong>la quota studenti non comprende il pranzo.<\/strong><\/p>\n<p>&nbsp;<\/p>\n<p>Termine ultimo di iscrizione: <strong>9 dicembre 2014<\/strong>, o al raggiungimento del <strong>numero massimo di 35 partecipanti.<\/strong><\/p>\n<p>&nbsp;<\/p>\n<p><strong>Sede del convegno:<\/strong><\/p>\n<p>Sede: Provincia di Verona, Servizio Agricoltura<\/p>\n<p>via della Pieve, 64 &#8211; 37029 San Floriano (VR)<\/p>\n<p>Tel. 045\/9288548<\/p>\n<p>Orario: 9h00 \u2013 16h10<\/p>\n<p>&nbsp;<\/p>\n<div>\n<p>Informazioni sulle possibilit\u00e0 di pernottamento in zona sono disponibili presso la segreteria e pubblicate sul sito <a href=\"http:\/\/www.vinidea.it\"><strong>www.vinidea.it<\/strong><\/a><strong><u>.<\/u><\/strong><\/p>\n<p>&nbsp;<\/p>\n<\/div>\n<p>&nbsp;<\/p>\n<p>Sono previste condizioni speciali per la partecipazione ad entrambi gli incontri SIVE del 11 dicembre 2014 (Incontro col Centro per la Sperimentazione in Vitivinicoltura &amp; Colleghi nel Bicchiere).<\/p>\n<p><strong>Codice pacchetto SIV14J<\/strong><\/p>\n<table border=\"1\" cellspacing=\"0\" cellpadding=\"0\">\n<tbody>\n<tr>\n<td><strong>Quote di partecipazione<\/strong> (<u>IVA inclusa<\/u>)<\/td>\n<td>\n<p align=\"center\"><strong>soci SIVE 2015<\/strong><\/p>\n<\/td>\n<td>\n<p align=\"center\"><strong>NON soci SIVE<\/strong><\/p>\n<\/td>\n<td>\n<p align=\"center\"><strong>Studenti<sup>(**)<\/sup><\/strong><\/p>\n<\/td>\n<\/tr>\n<tr>\n<td>\n<p align=\"right\"><strong>entro il 28 novembre 2014<\/strong><\/p>\n<\/td>\n<td>\n<p align=\"center\"><strong>160,00 \u20ac<\/strong><\/p>\n<\/td>\n<td>\n<p align=\"center\"><strong>230,00 \u20ac<\/strong><\/p>\n<\/td>\n<td>\n<p align=\"center\"><strong>100,00 \u20ac<\/strong><\/p>\n<\/td>\n<\/tr>\n<tr>\n<td>\n<p align=\"right\">dopo il 28 novembre<\/p>\n<\/td>\n<td>\n<p align=\"center\">200,00 \u20ac<\/p>\n<\/td>\n<td>\n<p align=\"center\">270,00 \u20ac<\/p>\n<\/td>\n<td>\n<p align=\"center\">120,00 \u20ac<\/p>\n<\/td>\n<\/tr>\n<\/tbody>\n<\/table>\n<p>&nbsp;<\/p>\n<p>&nbsp;<\/p>\n<p><strong><u><sup>(*)<\/sup><\/u><\/strong><u> Il versamento della quota associativa alla SIVE per l\u2019anno 2015 potr\u00e0 essere effettuato, come da Statuto, <strong>solo a partire da luned\u00ec<\/strong> <strong>1 dicembre 2014<\/strong>. Per maggiori informazioni visitare il sito<\/u> <a href=\"http:\/\/www.vinidea.it\/sive\">www.vinidea.it\/sive<\/a><u>.<\/u><\/p>\n<p>&nbsp;<\/p>\n<p><strong><u><sup>(**)<\/sup><\/u><\/strong><u> Per tutti gli studenti che intendono iscriversi \u00e8 necessario inviare via email a<\/u> <a href=\"mailto:info@vinidea.it\">info@vinidea.it<\/a><u> o al n\u00b0 di fax 0523.876340, congiuntamente al modulo d\u2019iscrizione ed all\u2019eventuale pagamento, copia del libretto d\u2019universit\u00e0 che riporti il n\u00b0 di matricola<\/u>.<\/p>\n<p>&nbsp;<\/p>\n<p>&nbsp;<\/p>\n<p align=\"center\"><strong>MODALIT\u00c0 DI PARTECIPAZIONE<\/strong><\/p>\n<p align=\"center\">\n<p>L\u2019iscrizione pu\u00f2 essere fatta direttamente on-line dal sito <u>www.vinidea.it<\/u>. In alternativa \u00e8 possibile compilare il modulo reperibile sullo stesso sito ed inviarlo via fax o email (0523\/87.63.40 \u2013 info@vinidea.it).<\/p>\n<p><strong>L\u2019iscrizione sar\u00e0 ritenuta valida solo se inviata entro il 9 dicembre 2014 e se accompagnata dal pagamento della quota, secondo le modalit\u00e0 richieste.<\/strong><\/p>\n<p>I posti a disposizione sono limitati (<strong>max. 35 partecipanti<\/strong>), e saranno assegnati in base alla data di invio del modulo di iscrizione e del pagamento della quota. In caso di mancato raggiungimento del numero minimo di partecipanti, l\u2019incontro potr\u00e0 essere annullato, col rimborso integrale delle quote versate.<\/p>\n<p>&nbsp;<\/p>\n<p>Allo scadere del termine, Vinidea provveder\u00e0 ad inviare un messaggio a tutti gli iscritti via e-mail per confermare gli orari di inizio dei lavori e per fornire indicazioni su come raggiungere la sede. \u00c8 quindi di fondamentale importanza fornire sul modulo di adesione recapiti e-mail che vengono costantemente controllati e numeri di telefono ai quali si sempre \u00e8 reperibili.<\/p>\n<p>Si consiglia inoltre la lettura del documento CONDIZIONI DI PARTECIPAZIONE AI CORSI E SEMINARI, pubblicato sul sito <a href=\"http:\/\/www.vinidea.it\">www.vinidea.it<\/a>.<\/p>\n<p>&nbsp;<\/p>\n<p>Per ulteriori informazioni contattare <strong>Vinidea (Segreteria SIVE)<\/strong>:<\/p>\n<p>tel. 0523\/876423 (da luned\u00ec a venerd\u00ec, in orario 8.30 &#8211; 12.30 e 14.00 &#8211; 18.00) \u2013 fax: 0523\/876340 email: <a href=\"mailto:sive@vinidea.it\">sive@vinidea.it<\/a> oppure <a href=\"mailto:info@vinidea.it\">info@vinidea.it<\/a><\/p>\n<\/div>\n","protected":false},"excerpt":{"rendered":"<p>SIVE INCONTRA LA RICERCA ITALIANA: Centro per la Sperimentazione in Vitivinicoltura Provincia di Verona 11 dicembre 2014 Variet\u00e0 resistenti a peronospora e oidio: realt\u00e0 e prospettive. malattie del legno della vite La sostenibilit\u00e0 ambientale delle pratiche agronomiche, ed in particolare la riduzione del numero di trattamenti fitosanitari, \u00e8 tra le sfide pi\u00f9 importanti che la [&hellip;]<\/p>\n","protected":false},"author":1,"featured_media":1458,"comment_status":"open","ping_status":"open","sticky":false,"template":"","format":"standard","meta":{"footnotes":""},"categories":[14],"tags":[],"class_list":["post-1457","post","type-post","status-publish","format-standard","has-post-thumbnail","hentry","category-uncategorized"],"yoast_head":"<!-- This site is optimized with the Yoast SEO plugin v25.8 - https:\/\/yoast.com\/wordpress\/plugins\/seo\/ -->\n<title>Sive incontra la ricerca italiana - Pol &amp; Pol<\/title>\n<meta name=\"robots\" content=\"index, follow, max-snippet:-1, max-image-preview:large, max-video-preview:-1\" \/>\n<link rel=\"canonical\" href=\"https:\/\/www.polandpol.it\/en\/sive-incontra-la-ricerca-italiana\/\" \/>\n<meta property=\"og:locale\" content=\"en_US\" \/>\n<meta property=\"og:type\" content=\"article\" \/>\n<meta property=\"og:title\" content=\"Sive incontra la ricerca italiana - Pol &amp; Pol\" \/>\n<meta property=\"og:description\" content=\"SIVE INCONTRA LA RICERCA ITALIANA: Centro per la Sperimentazione in Vitivinicoltura Provincia di Verona 11 dicembre 2014 Variet\u00e0 resistenti a peronospora e oidio: realt\u00e0 e prospettive. malattie del legno della vite La sostenibilit\u00e0 ambientale delle pratiche agronomiche, ed in particolare la riduzione del numero di trattamenti fitosanitari, \u00e8 tra le sfide pi\u00f9 importanti che la [&hellip;]\" \/>\n<meta property=\"og:url\" content=\"https:\/\/www.polandpol.it\/en\/sive-incontra-la-ricerca-italiana\/\" \/>\n<meta property=\"og:site_name\" content=\"Pol &amp; Pol\" \/>\n<meta property=\"article:published_time\" content=\"2014-05-25T08:13:26+00:00\" \/>\n<meta property=\"og:image\" content=\"https:\/\/www.polandpol.it\/wp-content\/uploads\/2021\/03\/wine-428316_1920.jpg\" \/>\n\t<meta property=\"og:image:width\" content=\"1920\" \/>\n\t<meta property=\"og:image:height\" content=\"1276\" \/>\n\t<meta property=\"og:image:type\" content=\"image\/jpeg\" \/>\n<meta name=\"author\" content=\"amministratore\" \/>\n<meta name=\"twitter:card\" content=\"summary_large_image\" \/>\n<meta name=\"twitter:label1\" content=\"Written by\" \/>\n\t<meta name=\"twitter:data1\" content=\"amministratore\" \/>\n\t<meta name=\"twitter:label2\" content=\"Est. reading time\" \/>\n\t<meta name=\"twitter:data2\" content=\"5 minutes\" \/>\n<script type=\"application\/ld+json\" class=\"yoast-schema-graph\">{\"@context\":\"https:\/\/schema.org\",\"@graph\":[{\"@type\":\"Article\",\"@id\":\"https:\/\/www.polandpol.it\/en\/sive-incontra-la-ricerca-italiana\/#article\",\"isPartOf\":{\"@id\":\"https:\/\/www.polandpol.it\/en\/sive-incontra-la-ricerca-italiana\/\"},\"author\":{\"name\":\"amministratore\",\"@id\":\"https:\/\/www.polandpol.it\/en\/#\/schema\/person\/a704d1047a1f4d85a63f73e2029ba9e3\"},\"headline\":\"Sive incontra la ricerca italiana\",\"datePublished\":\"2014-05-25T08:13:26+00:00\",\"mainEntityOfPage\":{\"@id\":\"https:\/\/www.polandpol.it\/en\/sive-incontra-la-ricerca-italiana\/\"},\"wordCount\":1055,\"commentCount\":0,\"publisher\":{\"@id\":\"https:\/\/www.polandpol.it\/en\/#organization\"},\"image\":{\"@id\":\"https:\/\/www.polandpol.it\/en\/sive-incontra-la-ricerca-italiana\/#primaryimage\"},\"thumbnailUrl\":\"https:\/\/www.polandpol.it\/wp-content\/uploads\/2021\/03\/wine-428316_1920.jpg\",\"inLanguage\":\"en-US\",\"potentialAction\":[{\"@type\":\"CommentAction\",\"name\":\"Comment\",\"target\":[\"https:\/\/www.polandpol.it\/en\/sive-incontra-la-ricerca-italiana\/#respond\"]}]},{\"@type\":\"WebPage\",\"@id\":\"https:\/\/www.polandpol.it\/en\/sive-incontra-la-ricerca-italiana\/\",\"url\":\"https:\/\/www.polandpol.it\/en\/sive-incontra-la-ricerca-italiana\/\",\"name\":\"Sive incontra la ricerca italiana - Pol &amp; Pol\",\"isPartOf\":{\"@id\":\"https:\/\/www.polandpol.it\/en\/#website\"},\"primaryImageOfPage\":{\"@id\":\"https:\/\/www.polandpol.it\/en\/sive-incontra-la-ricerca-italiana\/#primaryimage\"},\"image\":{\"@id\":\"https:\/\/www.polandpol.it\/en\/sive-incontra-la-ricerca-italiana\/#primaryimage\"},\"thumbnailUrl\":\"https:\/\/www.polandpol.it\/wp-content\/uploads\/2021\/03\/wine-428316_1920.jpg\",\"datePublished\":\"2014-05-25T08:13:26+00:00\",\"breadcrumb\":{\"@id\":\"https:\/\/www.polandpol.it\/en\/sive-incontra-la-ricerca-italiana\/#breadcrumb\"},\"inLanguage\":\"en-US\",\"potentialAction\":[{\"@type\":\"ReadAction\",\"target\":[\"https:\/\/www.polandpol.it\/en\/sive-incontra-la-ricerca-italiana\/\"]}]},{\"@type\":\"ImageObject\",\"inLanguage\":\"en-US\",\"@id\":\"https:\/\/www.polandpol.it\/en\/sive-incontra-la-ricerca-italiana\/#primaryimage\",\"url\":\"https:\/\/www.polandpol.it\/wp-content\/uploads\/2021\/03\/wine-428316_1920.jpg\",\"contentUrl\":\"https:\/\/www.polandpol.it\/wp-content\/uploads\/2021\/03\/wine-428316_1920.jpg\",\"width\":1920,\"height\":1276},{\"@type\":\"BreadcrumbList\",\"@id\":\"https:\/\/www.polandpol.it\/en\/sive-incontra-la-ricerca-italiana\/#breadcrumb\",\"itemListElement\":[{\"@type\":\"ListItem\",\"position\":1,\"name\":\"Home\",\"item\":\"https:\/\/www.polandpol.it\/en\/\"},{\"@type\":\"ListItem\",\"position\":2,\"name\":\"Sive incontra la ricerca italiana\"}]},{\"@type\":\"WebSite\",\"@id\":\"https:\/\/www.polandpol.it\/en\/#website\",\"url\":\"https:\/\/www.polandpol.it\/en\/\",\"name\":\"Pol &amp; Pol\",\"description\":\"Consulenze Enologiche\",\"publisher\":{\"@id\":\"https:\/\/www.polandpol.it\/en\/#organization\"},\"potentialAction\":[{\"@type\":\"SearchAction\",\"target\":{\"@type\":\"EntryPoint\",\"urlTemplate\":\"https:\/\/www.polandpol.it\/en\/?s={search_term_string}\"},\"query-input\":{\"@type\":\"PropertyValueSpecification\",\"valueRequired\":true,\"valueName\":\"search_term_string\"}}],\"inLanguage\":\"en-US\"},{\"@type\":\"Organization\",\"@id\":\"https:\/\/www.polandpol.it\/en\/#organization\",\"name\":\"Pol & Pol - Consulenze enologiche\",\"url\":\"https:\/\/www.polandpol.it\/en\/\",\"logo\":{\"@type\":\"ImageObject\",\"inLanguage\":\"en-US\",\"@id\":\"https:\/\/www.polandpol.it\/en\/#\/schema\/logo\/image\/\",\"url\":\"https:\/\/www.polandpol.it\/wp-content\/uploads\/2021\/04\/favicon.png\",\"contentUrl\":\"https:\/\/www.polandpol.it\/wp-content\/uploads\/2021\/04\/favicon.png\",\"width\":500,\"height\":500,\"caption\":\"Pol & Pol - Consulenze enologiche\"},\"image\":{\"@id\":\"https:\/\/www.polandpol.it\/en\/#\/schema\/logo\/image\/\"}},{\"@type\":\"Person\",\"@id\":\"https:\/\/www.polandpol.it\/en\/#\/schema\/person\/a704d1047a1f4d85a63f73e2029ba9e3\",\"name\":\"amministratore\",\"image\":{\"@type\":\"ImageObject\",\"inLanguage\":\"en-US\",\"@id\":\"https:\/\/www.polandpol.it\/en\/#\/schema\/person\/image\/\",\"url\":\"https:\/\/secure.gravatar.com\/avatar\/1661449fab31bec5144053cacf06a7bc541883edbec2b1c5bdbe4ca27f725d7a?s=96&d=mm&r=g\",\"contentUrl\":\"https:\/\/secure.gravatar.com\/avatar\/1661449fab31bec5144053cacf06a7bc541883edbec2b1c5bdbe4ca27f725d7a?s=96&d=mm&r=g\",\"caption\":\"amministratore\"},\"url\":\"https:\/\/www.polandpol.it\/en\/author\/amministratore\/\"}]}<\/script>\n<!-- \/ Yoast SEO plugin. -->","yoast_head_json":{"title":"Sive incontra la ricerca italiana - Pol &amp; Pol","robots":{"index":"index","follow":"follow","max-snippet":"max-snippet:-1","max-image-preview":"max-image-preview:large","max-video-preview":"max-video-preview:-1"},"canonical":"https:\/\/www.polandpol.it\/en\/sive-incontra-la-ricerca-italiana\/","og_locale":"en_US","og_type":"article","og_title":"Sive incontra la ricerca italiana - Pol &amp; Pol","og_description":"SIVE INCONTRA LA RICERCA ITALIANA: Centro per la Sperimentazione in Vitivinicoltura Provincia di Verona 11 dicembre 2014 Variet\u00e0 resistenti a peronospora e oidio: realt\u00e0 e prospettive. malattie del legno della vite La sostenibilit\u00e0 ambientale delle pratiche agronomiche, ed in particolare la riduzione del numero di trattamenti fitosanitari, \u00e8 tra le sfide pi\u00f9 importanti che la [&hellip;]","og_url":"https:\/\/www.polandpol.it\/en\/sive-incontra-la-ricerca-italiana\/","og_site_name":"Pol &amp; Pol","article_published_time":"2014-05-25T08:13:26+00:00","og_image":[{"width":1920,"height":1276,"url":"https:\/\/www.polandpol.it\/wp-content\/uploads\/2021\/03\/wine-428316_1920.jpg","type":"image\/jpeg"}],"author":"amministratore","twitter_card":"summary_large_image","twitter_misc":{"Written by":"amministratore","Est. reading time":"5 minutes"},"schema":{"@context":"https:\/\/schema.org","@graph":[{"@type":"Article","@id":"https:\/\/www.polandpol.it\/en\/sive-incontra-la-ricerca-italiana\/#article","isPartOf":{"@id":"https:\/\/www.polandpol.it\/en\/sive-incontra-la-ricerca-italiana\/"},"author":{"name":"amministratore","@id":"https:\/\/www.polandpol.it\/en\/#\/schema\/person\/a704d1047a1f4d85a63f73e2029ba9e3"},"headline":"Sive incontra la ricerca italiana","datePublished":"2014-05-25T08:13:26+00:00","mainEntityOfPage":{"@id":"https:\/\/www.polandpol.it\/en\/sive-incontra-la-ricerca-italiana\/"},"wordCount":1055,"commentCount":0,"publisher":{"@id":"https:\/\/www.polandpol.it\/en\/#organization"},"image":{"@id":"https:\/\/www.polandpol.it\/en\/sive-incontra-la-ricerca-italiana\/#primaryimage"},"thumbnailUrl":"https:\/\/www.polandpol.it\/wp-content\/uploads\/2021\/03\/wine-428316_1920.jpg","inLanguage":"en-US","potentialAction":[{"@type":"CommentAction","name":"Comment","target":["https:\/\/www.polandpol.it\/en\/sive-incontra-la-ricerca-italiana\/#respond"]}]},{"@type":"WebPage","@id":"https:\/\/www.polandpol.it\/en\/sive-incontra-la-ricerca-italiana\/","url":"https:\/\/www.polandpol.it\/en\/sive-incontra-la-ricerca-italiana\/","name":"Sive incontra la ricerca italiana - Pol &amp; Pol","isPartOf":{"@id":"https:\/\/www.polandpol.it\/en\/#website"},"primaryImageOfPage":{"@id":"https:\/\/www.polandpol.it\/en\/sive-incontra-la-ricerca-italiana\/#primaryimage"},"image":{"@id":"https:\/\/www.polandpol.it\/en\/sive-incontra-la-ricerca-italiana\/#primaryimage"},"thumbnailUrl":"https:\/\/www.polandpol.it\/wp-content\/uploads\/2021\/03\/wine-428316_1920.jpg","datePublished":"2014-05-25T08:13:26+00:00","breadcrumb":{"@id":"https:\/\/www.polandpol.it\/en\/sive-incontra-la-ricerca-italiana\/#breadcrumb"},"inLanguage":"en-US","potentialAction":[{"@type":"ReadAction","target":["https:\/\/www.polandpol.it\/en\/sive-incontra-la-ricerca-italiana\/"]}]},{"@type":"ImageObject","inLanguage":"en-US","@id":"https:\/\/www.polandpol.it\/en\/sive-incontra-la-ricerca-italiana\/#primaryimage","url":"https:\/\/www.polandpol.it\/wp-content\/uploads\/2021\/03\/wine-428316_1920.jpg","contentUrl":"https:\/\/www.polandpol.it\/wp-content\/uploads\/2021\/03\/wine-428316_1920.jpg","width":1920,"height":1276},{"@type":"BreadcrumbList","@id":"https:\/\/www.polandpol.it\/en\/sive-incontra-la-ricerca-italiana\/#breadcrumb","itemListElement":[{"@type":"ListItem","position":1,"name":"Home","item":"https:\/\/www.polandpol.it\/en\/"},{"@type":"ListItem","position":2,"name":"Sive incontra la ricerca italiana"}]},{"@type":"WebSite","@id":"https:\/\/www.polandpol.it\/en\/#website","url":"https:\/\/www.polandpol.it\/en\/","name":"Pol &amp; Pol","description":"Consulenze Enologiche","publisher":{"@id":"https:\/\/www.polandpol.it\/en\/#organization"},"potentialAction":[{"@type":"SearchAction","target":{"@type":"EntryPoint","urlTemplate":"https:\/\/www.polandpol.it\/en\/?s={search_term_string}"},"query-input":{"@type":"PropertyValueSpecification","valueRequired":true,"valueName":"search_term_string"}}],"inLanguage":"en-US"},{"@type":"Organization","@id":"https:\/\/www.polandpol.it\/en\/#organization","name":"Pol & Pol - Consulenze enologiche","url":"https:\/\/www.polandpol.it\/en\/","logo":{"@type":"ImageObject","inLanguage":"en-US","@id":"https:\/\/www.polandpol.it\/en\/#\/schema\/logo\/image\/","url":"https:\/\/www.polandpol.it\/wp-content\/uploads\/2021\/04\/favicon.png","contentUrl":"https:\/\/www.polandpol.it\/wp-content\/uploads\/2021\/04\/favicon.png","width":500,"height":500,"caption":"Pol & Pol - Consulenze enologiche"},"image":{"@id":"https:\/\/www.polandpol.it\/en\/#\/schema\/logo\/image\/"}},{"@type":"Person","@id":"https:\/\/www.polandpol.it\/en\/#\/schema\/person\/a704d1047a1f4d85a63f73e2029ba9e3","name":"amministratore","image":{"@type":"ImageObject","inLanguage":"en-US","@id":"https:\/\/www.polandpol.it\/en\/#\/schema\/person\/image\/","url":"https:\/\/secure.gravatar.com\/avatar\/1661449fab31bec5144053cacf06a7bc541883edbec2b1c5bdbe4ca27f725d7a?s=96&d=mm&r=g","contentUrl":"https:\/\/secure.gravatar.com\/avatar\/1661449fab31bec5144053cacf06a7bc541883edbec2b1c5bdbe4ca27f725d7a?s=96&d=mm&r=g","caption":"amministratore"},"url":"https:\/\/www.polandpol.it\/en\/author\/amministratore\/"}]}},"_links":{"self":[{"href":"https:\/\/www.polandpol.it\/en\/wp-json\/wp\/v2\/posts\/1457","targetHints":{"allow":["GET"]}}],"collection":[{"href":"https:\/\/www.polandpol.it\/en\/wp-json\/wp\/v2\/posts"}],"about":[{"href":"https:\/\/www.polandpol.it\/en\/wp-json\/wp\/v2\/types\/post"}],"author":[{"embeddable":true,"href":"https:\/\/www.polandpol.it\/en\/wp-json\/wp\/v2\/users\/1"}],"replies":[{"embeddable":true,"href":"https:\/\/www.polandpol.it\/en\/wp-json\/wp\/v2\/comments?post=1457"}],"version-history":[{"count":0,"href":"https:\/\/www.polandpol.it\/en\/wp-json\/wp\/v2\/posts\/1457\/revisions"}],"wp:featuredmedia":[{"embeddable":true,"href":"https:\/\/www.polandpol.it\/en\/wp-json\/wp\/v2\/media\/1458"}],"wp:attachment":[{"href":"https:\/\/www.polandpol.it\/en\/wp-json\/wp\/v2\/media?parent=1457"}],"wp:term":[{"taxonomy":"category","embeddable":true,"href":"https:\/\/www.polandpol.it\/en\/wp-json\/wp\/v2\/categories?post=1457"},{"taxonomy":"post_tag","embeddable":true,"href":"https:\/\/www.polandpol.it\/en\/wp-json\/wp\/v2\/tags?post=1457"}],"curies":[{"name":"wp","href":"https:\/\/api.w.org\/{rel}","templated":true}]}}