{"id":1460,"date":"2013-05-25T10:21:14","date_gmt":"2013-05-25T08:21:14","guid":{"rendered":"http:\/\/test-sitoweb.it\/polandpol\/viaggio-studio-sive-cile-e-argentina-i-vini-delle-ande\/"},"modified":"2013-05-25T10:21:14","modified_gmt":"2013-05-25T08:21:14","slug":"viaggio-studio-sive-cile-e-argentina-i-vini-delle-ande","status":"publish","type":"post","link":"https:\/\/www.polandpol.it\/en\/viaggio-studio-sive-cile-e-argentina-i-vini-delle-ande\/","title":{"rendered":"Viaggio Studio Sive Cile E Argentina: I Vini Delle Ande"},"content":{"rendered":"<div>\n<p>A distanza di dieci anni, la SIVE torna in Sud America per vedere come i cambiamenti socio-economici degli ultimi anni hanno influenzato i due principali Paesi produttori della regione, Cile e Argentina, e come questi hanno saputo da un lato reagire alle avversit\u00e0 e dall\u2019altro approfittare dei nuovi scenari internazionali, in particolare con l\u2019apertura dei mercati orientali. Codice attivit\u00e0 SIV13A<\/p>\n<p>&nbsp;<\/p>\n<p><strong>PROGRAMMA PROVVISORIO\u00a0<\/strong><\/p>\n<p>sabato 23 febbraio 2013\u00a0 Partenza in serata (20h55) da Milano Malpensa per Santiago del Cile via San Paolo (voli LAN\/TAM).<\/p>\n<p>domenica 24 febbraio\u00a0\u00a0 \u00a0 SANTIAGO\u00a0 In tarda mattinata arrivo a Santiago, sistemazione in Hotel Torremayor e pranzo leggero. Pomeriggio: visita guidata della citt\u00e0. Cena di benvenuto organizzata in ristorante caratteristico. Pernottamento a Santiago.<\/p>\n<p>luned\u00ec 25 febbraio\u00a0\u00a0 \u00a0 VALLE DEL MAIPO\u00a0 In mattinata visita all\u2019Universit\u00e0 Cattolica di Santiago, per un incontro di aggiornamento sulla vitivinicoltura cilena e sulle principali attivit\u00e0 di ricerca svolte. Pranzo organizzato in Universit\u00e0. Resto della giornata dedicato alla visita di vigneti e cantine nei dintorni di Santiago, rappresentativi di diverse realt\u00e0 di produzione. Rientro a Santiago. Cena libera. Pernottamento a Santiago.<\/p>\n<p>marted\u00ec 26 febbraio\u00a0\u00a0 \u00a0 VALLE DE CASABLANCA\u00a0 Visita della regione di Casablanca, conosciuta per i suoi vini bianchi, in particolare il Sauvignon. Pranzo in una cantina. Rientro a Santiago. Cena libera. Pernottamento a Santiago.<\/p>\n<p>mercoled\u00ec 27 febbraio\u00a0\u00a0 \u00a0 VALLE CENTRAL &#8211; MENDOZA\u00a0 In mattinata visita all\u2019Universit\u00e0 del Cile e relazione sulle principali attivit\u00e0 di ricerca svolte e\/o visita ad una cantina nella regione di Santiago. Pranzo libero. Nel primo pomeriggio trasferimento aereo a Mendoza. Sistemazione in hotel NH Cordillera e cena organizzata.<\/p>\n<p>gioved\u00ec 28 febbraio\u00a0\u00a0 \u00a0 MENDOZA\u00a0 Visita alla stazione sperimentale agraria dell\u2019INTA, per un incontro di aggiornamento sulla vitivinicoltura argentina e sulle principali attivit\u00e0 di ricerca svolte. Nel pomeriggio visita di alcune realt\u00e0 significative per le soluzioni viticole e\/o enologiche adottate nella zona di Lujan De Cujo e Maip\u00fa. Pranzo in una cantina. Rientro a Mendoza e cena libera. Pernottamento a Mendoza.<\/p>\n<p>venerd\u00ec 1 marzo\u00a0\u00a0 \u00a0 TUPUNGATO\u00a0 Visita di realt\u00e0 significative per le soluzioni viticole e\/o enologiche adottate nella regione di Tupungato, ai piedi delle Ande, che grazie all\u2019altitudine permette di ottenere vini di grande qualit\u00e0. Pranzo in una cantina. Rientro a Mendoza e cena libera. Pernottamento a Mendoza.<\/p>\n<p>sabato 2 marzo\u00a0\u00a0 \u00a0 MENDOZA\u00a0 Giornata dedicata al turismo a Mendoza, in occasione della Festa della Vendemmia. Tempo libero a disposizione per relax e shopping. Cena di arrivederci in locale caratteristico. Pernottamento a Mendoza.<\/p>\n<p>domenica 3 marzo MENDOZA &#8211; SANTIAGO\u00a0 In mattinata, trasferimento in aeroporto a Mendoza; volo di rientro in Italia, via Santiago e S. Paolo (voli LAN\/TAM).<\/p>\n<p>luned\u00ec 4 marzo\u00a0 Arrivo in Italia (aeroporto di Milano Malpensa) alle 14h10 e rientro alle rispettive sedi.<\/p>\n<p>&nbsp;<\/p>\n<p>Condizioni speciali saranno applicate alle iscrizioni effettuate entro il 20 dicembre 2012:<\/p>\n<p>Ulteriore sconto di 150 \u20ac per le iscrizioni perfezionate (pagamento acconto e invio modulo iscrizione) entro il 13 dicembre 2012.<\/p>\n<p>Quote di partecipazione (IVA inclusa)\u00a0\u00a0 \u00a0Soci SIVE 2013in camera doppia Supplemento camera singola\u00a0\u00a0 \u00a0Supplemento Non Soci SIVE\u00a0 entro il 13 dicembre 2012\u00a0\u00a0 \u00a03350\u00a0\u00a0 \u00a0450 \u20ac\u00a0\u00a0 \u00a0200 \u20ac\u00a0 entro il 20 dicembre 2012\u00a0\u00a0 \u00a03500 \u20ac\u00a0\u00a0 \u00a0450 \u20ac\u00a0\u00a0 \u00a0200 \u20ac\u00a0 dopo il 20 dicembre 2012\u00a0\u00a0 \u00a03800 \u20ac\u00a0\u00a0 \u00a0450 \u20ac\u00a0\u00a0 \u00a0200 \u20ac\u00a0 NB: le tariffe sono indicative e potranno subire adeguamenti in caso di variazione delle tasse aeroportuali e\/o del cambio con le valute locali<\/p>\n<p>Termine ultimo di iscrizione: 15 gennaio 2013, o al raggiungimento del numero massimo di 30 partecipanti.<\/p>\n<p>La quota comprende: voli aerei e trasferimenti come da programma; pernottamenti e prime colazioni in hotel 4 stelle; pranzi e cene come da programma; assistenza e traduzione tecnica durante il viaggio, seminari, materiale e documentazione; assicurazione viaggio e bagaglio (massimale 30.000 \u20ac).\u00a0 La quota non comprende: viaggio di avvicinamento all\u2019aeroporto di partenza; eventuali visite in cantina a pagamento; i pasti non in programma e le bevande ai pasti organizzati; mance, consumazioni extra in hotel e tutto quanto non espressamente specificato.\u00a0 Contattare l\u2019Organizzazione per conoscere ulteriori possibilit\u00e0 di partenza da altre citt\u00e0. Eventuali voli di avvicinamento verso gli aeroporti sopra indicati non sono compresi nella quota e vanno prenotati autonomamente, tenendo conto degli orari di partenza e arrivo del gruppo. L\u2019Organizzazione non \u00e8 responsabile per eventuali mancate coincidenze.<\/p>\n<p>\u00c8 richiesto il pagamento di un acconto pari a \u20ac 1500 (IVA inclusa) per persona, da versare all\u2019atto dell\u2019iscrizione. Il saldo dovr\u00e0 essere effettuato alla conferma del viaggio da parte della segreteria organizzativa, in ogni caso entro e non oltre il 15 gennaio 2013.<\/p>\n<p>Modalit\u00e0 di partecipazione: l\u2019iscrizione pu\u00f2 essere fatta compilando il modulo reperibile sul sito www.vinidea.it ed inviarlo via fax alla Segreteria Vinidea Srl (0523\/87.63.40).<\/p>\n<p>Attenzione: il pagamento va fatto direttamente all\u2019agenzia di viaggi, come specificato sul modulo d\u2019iscrizione, da inviare invece a Vinidea, che provveder\u00e0 a sua volta ad aggiornare l\u2019agenzia.<\/p>\n<p>L\u2019iscrizione sar\u00e0 ritenuta valida solo se inviata entro il termine indicato e se accompagnata dal pagamento dell\u2019acconto, secondo le modalit\u00e0 specificate sul modulo stesso. Allo scadere del termine di adesione la Segreteria provveder\u00e0 ad inviare un messaggio a tutti gli iscritti (preferibilmente via e-mail o, in alternativa, tramite fax) per confermare la partecipazione e per fornire ulteriori informazioni.<\/p>\n<p>\u00c8 quindi di fondamentale importanza fornire sul modulo di adesione recapiti e-mail che sono costantemente controllati e numeri di telefono ai quali si \u00e8 sempre reperibili, per permettere a Vinidea di contattare tempestivamente il partecipante in caso di comunicazioni urgenti.<\/p>\n<p>&nbsp;<\/p>\n<p>Per ulteriori informazioni, si rimanda alla scheda CONDIZIONI PER LA PARTECIPAZIONE AI VIAGGI SIVE E VINIDEA \u2013 2012\/2013, pubblicate su www.vinidea.it<\/p>\n<\/div>\n","protected":false},"excerpt":{"rendered":"<p>A distanza di dieci anni, la SIVE torna in Sud America per vedere come i cambiamenti socio-economici degli ultimi anni hanno influenzato i due principali Paesi produttori della regione, Cile e Argentina, e come questi hanno saputo da un lato reagire alle avversit\u00e0 e dall\u2019altro approfittare dei nuovi scenari internazionali, in particolare con l\u2019apertura dei [&hellip;]<\/p>\n","protected":false},"author":1,"featured_media":1396,"comment_status":"open","ping_status":"open","sticky":false,"template":"","format":"standard","meta":{"footnotes":""},"categories":[14],"tags":[],"class_list":["post-1460","post","type-post","status-publish","format-standard","has-post-thumbnail","hentry","category-uncategorized"],"yoast_head":"<!-- This site is optimized with the Yoast SEO plugin v25.8 - https:\/\/yoast.com\/wordpress\/plugins\/seo\/ -->\n<title>Viaggio Studio Sive Cile E Argentina: I Vini Delle Ande - Pol &amp; Pol<\/title>\n<meta name=\"robots\" content=\"index, follow, max-snippet:-1, max-image-preview:large, max-video-preview:-1\" \/>\n<link rel=\"canonical\" href=\"https:\/\/www.polandpol.it\/en\/viaggio-studio-sive-cile-e-argentina-i-vini-delle-ande\/\" \/>\n<meta property=\"og:locale\" content=\"en_US\" \/>\n<meta property=\"og:type\" content=\"article\" \/>\n<meta property=\"og:title\" content=\"Viaggio Studio Sive Cile E Argentina: I Vini Delle Ande - Pol &amp; Pol\" \/>\n<meta property=\"og:description\" content=\"A distanza di dieci anni, la SIVE torna in Sud America per vedere come i cambiamenti socio-economici degli ultimi anni hanno influenzato i due principali Paesi produttori della regione, Cile e Argentina, e come questi hanno saputo da un lato reagire alle avversit\u00e0 e dall\u2019altro approfittare dei nuovi scenari internazionali, in particolare con l\u2019apertura dei [&hellip;]\" \/>\n<meta property=\"og:url\" content=\"https:\/\/www.polandpol.it\/en\/viaggio-studio-sive-cile-e-argentina-i-vini-delle-ande\/\" \/>\n<meta property=\"og:site_name\" content=\"Pol &amp; Pol\" \/>\n<meta property=\"article:published_time\" content=\"2013-05-25T08:21:14+00:00\" \/>\n<meta property=\"og:image\" content=\"https:\/\/www.polandpol.it\/wp-content\/uploads\/2021\/04\/pol_and_pol_call_to_action-scaled.jpg\" \/>\n\t<meta property=\"og:image:width\" content=\"2560\" \/>\n\t<meta property=\"og:image:height\" content=\"1081\" \/>\n\t<meta property=\"og:image:type\" content=\"image\/jpeg\" \/>\n<meta name=\"author\" content=\"amministratore\" \/>\n<meta name=\"twitter:card\" content=\"summary_large_image\" \/>\n<meta name=\"twitter:label1\" content=\"Written by\" \/>\n\t<meta name=\"twitter:data1\" content=\"amministratore\" \/>\n\t<meta name=\"twitter:label2\" content=\"Est. reading time\" \/>\n\t<meta name=\"twitter:data2\" content=\"4 minutes\" \/>\n<script type=\"application\/ld+json\" class=\"yoast-schema-graph\">{\"@context\":\"https:\/\/schema.org\",\"@graph\":[{\"@type\":\"Article\",\"@id\":\"https:\/\/www.polandpol.it\/en\/viaggio-studio-sive-cile-e-argentina-i-vini-delle-ande\/#article\",\"isPartOf\":{\"@id\":\"https:\/\/www.polandpol.it\/en\/viaggio-studio-sive-cile-e-argentina-i-vini-delle-ande\/\"},\"author\":{\"name\":\"amministratore\",\"@id\":\"https:\/\/www.polandpol.it\/en\/#\/schema\/person\/a704d1047a1f4d85a63f73e2029ba9e3\"},\"headline\":\"Viaggio Studio Sive Cile E Argentina: I Vini Delle Ande\",\"datePublished\":\"2013-05-25T08:21:14+00:00\",\"mainEntityOfPage\":{\"@id\":\"https:\/\/www.polandpol.it\/en\/viaggio-studio-sive-cile-e-argentina-i-vini-delle-ande\/\"},\"wordCount\":879,\"commentCount\":0,\"publisher\":{\"@id\":\"https:\/\/www.polandpol.it\/en\/#organization\"},\"image\":{\"@id\":\"https:\/\/www.polandpol.it\/en\/viaggio-studio-sive-cile-e-argentina-i-vini-delle-ande\/#primaryimage\"},\"thumbnailUrl\":\"https:\/\/www.polandpol.it\/wp-content\/uploads\/2021\/04\/pol_and_pol_call_to_action-scaled.jpg\",\"inLanguage\":\"en-US\",\"potentialAction\":[{\"@type\":\"CommentAction\",\"name\":\"Comment\",\"target\":[\"https:\/\/www.polandpol.it\/en\/viaggio-studio-sive-cile-e-argentina-i-vini-delle-ande\/#respond\"]}]},{\"@type\":\"WebPage\",\"@id\":\"https:\/\/www.polandpol.it\/en\/viaggio-studio-sive-cile-e-argentina-i-vini-delle-ande\/\",\"url\":\"https:\/\/www.polandpol.it\/en\/viaggio-studio-sive-cile-e-argentina-i-vini-delle-ande\/\",\"name\":\"Viaggio Studio Sive Cile E Argentina: I Vini Delle Ande - Pol &amp; Pol\",\"isPartOf\":{\"@id\":\"https:\/\/www.polandpol.it\/en\/#website\"},\"primaryImageOfPage\":{\"@id\":\"https:\/\/www.polandpol.it\/en\/viaggio-studio-sive-cile-e-argentina-i-vini-delle-ande\/#primaryimage\"},\"image\":{\"@id\":\"https:\/\/www.polandpol.it\/en\/viaggio-studio-sive-cile-e-argentina-i-vini-delle-ande\/#primaryimage\"},\"thumbnailUrl\":\"https:\/\/www.polandpol.it\/wp-content\/uploads\/2021\/04\/pol_and_pol_call_to_action-scaled.jpg\",\"datePublished\":\"2013-05-25T08:21:14+00:00\",\"breadcrumb\":{\"@id\":\"https:\/\/www.polandpol.it\/en\/viaggio-studio-sive-cile-e-argentina-i-vini-delle-ande\/#breadcrumb\"},\"inLanguage\":\"en-US\",\"potentialAction\":[{\"@type\":\"ReadAction\",\"target\":[\"https:\/\/www.polandpol.it\/en\/viaggio-studio-sive-cile-e-argentina-i-vini-delle-ande\/\"]}]},{\"@type\":\"ImageObject\",\"inLanguage\":\"en-US\",\"@id\":\"https:\/\/www.polandpol.it\/en\/viaggio-studio-sive-cile-e-argentina-i-vini-delle-ande\/#primaryimage\",\"url\":\"https:\/\/www.polandpol.it\/wp-content\/uploads\/2021\/04\/pol_and_pol_call_to_action-scaled.jpg\",\"contentUrl\":\"https:\/\/www.polandpol.it\/wp-content\/uploads\/2021\/04\/pol_and_pol_call_to_action-scaled.jpg\",\"width\":2560,\"height\":1081},{\"@type\":\"BreadcrumbList\",\"@id\":\"https:\/\/www.polandpol.it\/en\/viaggio-studio-sive-cile-e-argentina-i-vini-delle-ande\/#breadcrumb\",\"itemListElement\":[{\"@type\":\"ListItem\",\"position\":1,\"name\":\"Home\",\"item\":\"https:\/\/www.polandpol.it\/en\/\"},{\"@type\":\"ListItem\",\"position\":2,\"name\":\"Viaggio Studio Sive Cile E Argentina: I Vini Delle Ande\"}]},{\"@type\":\"WebSite\",\"@id\":\"https:\/\/www.polandpol.it\/en\/#website\",\"url\":\"https:\/\/www.polandpol.it\/en\/\",\"name\":\"Pol &amp; Pol\",\"description\":\"Consulenze Enologiche\",\"publisher\":{\"@id\":\"https:\/\/www.polandpol.it\/en\/#organization\"},\"potentialAction\":[{\"@type\":\"SearchAction\",\"target\":{\"@type\":\"EntryPoint\",\"urlTemplate\":\"https:\/\/www.polandpol.it\/en\/?s={search_term_string}\"},\"query-input\":{\"@type\":\"PropertyValueSpecification\",\"valueRequired\":true,\"valueName\":\"search_term_string\"}}],\"inLanguage\":\"en-US\"},{\"@type\":\"Organization\",\"@id\":\"https:\/\/www.polandpol.it\/en\/#organization\",\"name\":\"Pol & Pol - Consulenze enologiche\",\"url\":\"https:\/\/www.polandpol.it\/en\/\",\"logo\":{\"@type\":\"ImageObject\",\"inLanguage\":\"en-US\",\"@id\":\"https:\/\/www.polandpol.it\/en\/#\/schema\/logo\/image\/\",\"url\":\"https:\/\/www.polandpol.it\/wp-content\/uploads\/2021\/04\/favicon.png\",\"contentUrl\":\"https:\/\/www.polandpol.it\/wp-content\/uploads\/2021\/04\/favicon.png\",\"width\":500,\"height\":500,\"caption\":\"Pol & Pol - Consulenze enologiche\"},\"image\":{\"@id\":\"https:\/\/www.polandpol.it\/en\/#\/schema\/logo\/image\/\"}},{\"@type\":\"Person\",\"@id\":\"https:\/\/www.polandpol.it\/en\/#\/schema\/person\/a704d1047a1f4d85a63f73e2029ba9e3\",\"name\":\"amministratore\",\"image\":{\"@type\":\"ImageObject\",\"inLanguage\":\"en-US\",\"@id\":\"https:\/\/www.polandpol.it\/en\/#\/schema\/person\/image\/\",\"url\":\"https:\/\/secure.gravatar.com\/avatar\/1661449fab31bec5144053cacf06a7bc541883edbec2b1c5bdbe4ca27f725d7a?s=96&d=mm&r=g\",\"contentUrl\":\"https:\/\/secure.gravatar.com\/avatar\/1661449fab31bec5144053cacf06a7bc541883edbec2b1c5bdbe4ca27f725d7a?s=96&d=mm&r=g\",\"caption\":\"amministratore\"},\"url\":\"https:\/\/www.polandpol.it\/en\/author\/amministratore\/\"}]}<\/script>\n<!-- \/ Yoast SEO plugin. -->","yoast_head_json":{"title":"Viaggio Studio Sive Cile E Argentina: I Vini Delle Ande - Pol &amp; Pol","robots":{"index":"index","follow":"follow","max-snippet":"max-snippet:-1","max-image-preview":"max-image-preview:large","max-video-preview":"max-video-preview:-1"},"canonical":"https:\/\/www.polandpol.it\/en\/viaggio-studio-sive-cile-e-argentina-i-vini-delle-ande\/","og_locale":"en_US","og_type":"article","og_title":"Viaggio Studio Sive Cile E Argentina: I Vini Delle Ande - Pol &amp; Pol","og_description":"A distanza di dieci anni, la SIVE torna in Sud America per vedere come i cambiamenti socio-economici degli ultimi anni hanno influenzato i due principali Paesi produttori della regione, Cile e Argentina, e come questi hanno saputo da un lato reagire alle avversit\u00e0 e dall\u2019altro approfittare dei nuovi scenari internazionali, in particolare con l\u2019apertura dei [&hellip;]","og_url":"https:\/\/www.polandpol.it\/en\/viaggio-studio-sive-cile-e-argentina-i-vini-delle-ande\/","og_site_name":"Pol &amp; Pol","article_published_time":"2013-05-25T08:21:14+00:00","og_image":[{"width":2560,"height":1081,"url":"https:\/\/www.polandpol.it\/wp-content\/uploads\/2021\/04\/pol_and_pol_call_to_action-scaled.jpg","type":"image\/jpeg"}],"author":"amministratore","twitter_card":"summary_large_image","twitter_misc":{"Written by":"amministratore","Est. reading time":"4 minutes"},"schema":{"@context":"https:\/\/schema.org","@graph":[{"@type":"Article","@id":"https:\/\/www.polandpol.it\/en\/viaggio-studio-sive-cile-e-argentina-i-vini-delle-ande\/#article","isPartOf":{"@id":"https:\/\/www.polandpol.it\/en\/viaggio-studio-sive-cile-e-argentina-i-vini-delle-ande\/"},"author":{"name":"amministratore","@id":"https:\/\/www.polandpol.it\/en\/#\/schema\/person\/a704d1047a1f4d85a63f73e2029ba9e3"},"headline":"Viaggio Studio Sive Cile E Argentina: I Vini Delle Ande","datePublished":"2013-05-25T08:21:14+00:00","mainEntityOfPage":{"@id":"https:\/\/www.polandpol.it\/en\/viaggio-studio-sive-cile-e-argentina-i-vini-delle-ande\/"},"wordCount":879,"commentCount":0,"publisher":{"@id":"https:\/\/www.polandpol.it\/en\/#organization"},"image":{"@id":"https:\/\/www.polandpol.it\/en\/viaggio-studio-sive-cile-e-argentina-i-vini-delle-ande\/#primaryimage"},"thumbnailUrl":"https:\/\/www.polandpol.it\/wp-content\/uploads\/2021\/04\/pol_and_pol_call_to_action-scaled.jpg","inLanguage":"en-US","potentialAction":[{"@type":"CommentAction","name":"Comment","target":["https:\/\/www.polandpol.it\/en\/viaggio-studio-sive-cile-e-argentina-i-vini-delle-ande\/#respond"]}]},{"@type":"WebPage","@id":"https:\/\/www.polandpol.it\/en\/viaggio-studio-sive-cile-e-argentina-i-vini-delle-ande\/","url":"https:\/\/www.polandpol.it\/en\/viaggio-studio-sive-cile-e-argentina-i-vini-delle-ande\/","name":"Viaggio Studio Sive Cile E Argentina: I Vini Delle Ande - Pol &amp; Pol","isPartOf":{"@id":"https:\/\/www.polandpol.it\/en\/#website"},"primaryImageOfPage":{"@id":"https:\/\/www.polandpol.it\/en\/viaggio-studio-sive-cile-e-argentina-i-vini-delle-ande\/#primaryimage"},"image":{"@id":"https:\/\/www.polandpol.it\/en\/viaggio-studio-sive-cile-e-argentina-i-vini-delle-ande\/#primaryimage"},"thumbnailUrl":"https:\/\/www.polandpol.it\/wp-content\/uploads\/2021\/04\/pol_and_pol_call_to_action-scaled.jpg","datePublished":"2013-05-25T08:21:14+00:00","breadcrumb":{"@id":"https:\/\/www.polandpol.it\/en\/viaggio-studio-sive-cile-e-argentina-i-vini-delle-ande\/#breadcrumb"},"inLanguage":"en-US","potentialAction":[{"@type":"ReadAction","target":["https:\/\/www.polandpol.it\/en\/viaggio-studio-sive-cile-e-argentina-i-vini-delle-ande\/"]}]},{"@type":"ImageObject","inLanguage":"en-US","@id":"https:\/\/www.polandpol.it\/en\/viaggio-studio-sive-cile-e-argentina-i-vini-delle-ande\/#primaryimage","url":"https:\/\/www.polandpol.it\/wp-content\/uploads\/2021\/04\/pol_and_pol_call_to_action-scaled.jpg","contentUrl":"https:\/\/www.polandpol.it\/wp-content\/uploads\/2021\/04\/pol_and_pol_call_to_action-scaled.jpg","width":2560,"height":1081},{"@type":"BreadcrumbList","@id":"https:\/\/www.polandpol.it\/en\/viaggio-studio-sive-cile-e-argentina-i-vini-delle-ande\/#breadcrumb","itemListElement":[{"@type":"ListItem","position":1,"name":"Home","item":"https:\/\/www.polandpol.it\/en\/"},{"@type":"ListItem","position":2,"name":"Viaggio Studio Sive Cile E Argentina: I Vini Delle Ande"}]},{"@type":"WebSite","@id":"https:\/\/www.polandpol.it\/en\/#website","url":"https:\/\/www.polandpol.it\/en\/","name":"Pol &amp; Pol","description":"Consulenze Enologiche","publisher":{"@id":"https:\/\/www.polandpol.it\/en\/#organization"},"potentialAction":[{"@type":"SearchAction","target":{"@type":"EntryPoint","urlTemplate":"https:\/\/www.polandpol.it\/en\/?s={search_term_string}"},"query-input":{"@type":"PropertyValueSpecification","valueRequired":true,"valueName":"search_term_string"}}],"inLanguage":"en-US"},{"@type":"Organization","@id":"https:\/\/www.polandpol.it\/en\/#organization","name":"Pol & Pol - Consulenze enologiche","url":"https:\/\/www.polandpol.it\/en\/","logo":{"@type":"ImageObject","inLanguage":"en-US","@id":"https:\/\/www.polandpol.it\/en\/#\/schema\/logo\/image\/","url":"https:\/\/www.polandpol.it\/wp-content\/uploads\/2021\/04\/favicon.png","contentUrl":"https:\/\/www.polandpol.it\/wp-content\/uploads\/2021\/04\/favicon.png","width":500,"height":500,"caption":"Pol & Pol - Consulenze enologiche"},"image":{"@id":"https:\/\/www.polandpol.it\/en\/#\/schema\/logo\/image\/"}},{"@type":"Person","@id":"https:\/\/www.polandpol.it\/en\/#\/schema\/person\/a704d1047a1f4d85a63f73e2029ba9e3","name":"amministratore","image":{"@type":"ImageObject","inLanguage":"en-US","@id":"https:\/\/www.polandpol.it\/en\/#\/schema\/person\/image\/","url":"https:\/\/secure.gravatar.com\/avatar\/1661449fab31bec5144053cacf06a7bc541883edbec2b1c5bdbe4ca27f725d7a?s=96&d=mm&r=g","contentUrl":"https:\/\/secure.gravatar.com\/avatar\/1661449fab31bec5144053cacf06a7bc541883edbec2b1c5bdbe4ca27f725d7a?s=96&d=mm&r=g","caption":"amministratore"},"url":"https:\/\/www.polandpol.it\/en\/author\/amministratore\/"}]}},"_links":{"self":[{"href":"https:\/\/www.polandpol.it\/en\/wp-json\/wp\/v2\/posts\/1460","targetHints":{"allow":["GET"]}}],"collection":[{"href":"https:\/\/www.polandpol.it\/en\/wp-json\/wp\/v2\/posts"}],"about":[{"href":"https:\/\/www.polandpol.it\/en\/wp-json\/wp\/v2\/types\/post"}],"author":[{"embeddable":true,"href":"https:\/\/www.polandpol.it\/en\/wp-json\/wp\/v2\/users\/1"}],"replies":[{"embeddable":true,"href":"https:\/\/www.polandpol.it\/en\/wp-json\/wp\/v2\/comments?post=1460"}],"version-history":[{"count":0,"href":"https:\/\/www.polandpol.it\/en\/wp-json\/wp\/v2\/posts\/1460\/revisions"}],"wp:featuredmedia":[{"embeddable":true,"href":"https:\/\/www.polandpol.it\/en\/wp-json\/wp\/v2\/media\/1396"}],"wp:attachment":[{"href":"https:\/\/www.polandpol.it\/en\/wp-json\/wp\/v2\/media?parent=1460"}],"wp:term":[{"taxonomy":"category","embeddable":true,"href":"https:\/\/www.polandpol.it\/en\/wp-json\/wp\/v2\/categories?post=1460"},{"taxonomy":"post_tag","embeddable":true,"href":"https:\/\/www.polandpol.it\/en\/wp-json\/wp\/v2\/tags?post=1460"}],"curies":[{"name":"wp","href":"https:\/\/api.w.org\/{rel}","templated":true}]}}