{"id":1475,"date":"2012-05-25T10:23:00","date_gmt":"2012-05-25T08:23:00","guid":{"rendered":"http:\/\/test-sitoweb.it\/polandpol\/glera-spumante-a-chi-conviene\/"},"modified":"2012-05-25T10:23:00","modified_gmt":"2012-05-25T08:23:00","slug":"glera-spumante-a-chi-conviene","status":"publish","type":"post","link":"https:\/\/www.polandpol.it\/en\/glera-spumante-a-chi-conviene\/","title":{"rendered":"Glera Spumante: A Chi Conviene?"},"content":{"rendered":"<div>\n<p>La crisi economica mondiale che ha investito l\u2019Europa e gli Stati Uniti ha ridimensionato la crescita ed il profitto in quasi tutti i settori produttivi; anche il comparto del vino ha risentito di questo momento cosi difficile, nonostante ci\u00f2 alcune nicchie hanno continuato a crescere soprattutto grazie all\u2019esportazione.<br \/>\nIl Prosecco DOCG Conegliano \u2013 Valdobbiadene e il Prosecco DOC rappresentano proprio una di queste realt\u00e0 fortunate che fino al 2011 ha continuato a crescere con valori superiori al 10%. Ora le cose stanno cambiando e la versione DOC sta avendo una battuta d\u2019arresto.<br \/>\nLe motivazioni sono molteplici ma penso sia importante evidenziarne una in particolare: la concorrenza dello spumante Glera che viene imbottigliato e venduto a minor prezzo dagli stessi produttori di spumante Prosecco DOC e DOCG. In poche parole una sorta di concorrenza a se stessi.<br \/>\nLa nuova denominazione Prosecco DOC e DOCG, \u00e8 nata con lo scopo di circoscrivere il territorio di produzione, valorizzarne gli storici ambienti vocati e tutelare coloro che da decenni lavorano e producono ottimo Prosecco contribuendo alla sua diffusione in tutto il mondo.<br \/>\nIl grande lavoro di promozione e diffusione di questo vino \u00e8 stato intrapreso infatti dalle aziende site in Provincia di Treviso che fino ad una decina d\u2019anni fa detenevano la quasi totalit\u00e0 della produzione.<br \/>\nNonostante l\u2019esistenza di migliaia di leggi che regolano il settore vitivinicolo, imponendo ai produttori molteplici controlli, spesso eccessivi, non esiste una legge che tuteli coloro che hanno portato al successo un vino ed il suo territorio.<br \/>\nDal momento che un nome di Vitigno non \u00e8 difendibile poich\u00e9 \u00e8 possibile coltivarlo in tutto il mondo e che cambiare un nome ormai famoso non sarebbe stato conveniente, si \u00e8 optato per chiamarlo Prosecco, \u201cnome di territorio\u201d, come il paese omonimo in provincia di Trieste.<br \/>\nAffinch\u00e9 ci\u00f2 si realizzasse, il vitigno iscritto all\u2019Albo Nazionale delle variet\u00e0 ha cambiato nome da Prosecco a Glera e tutte le province autorizzate che utilizzeranno la Glera, negli impianti dei vigneti, potranno chiamare il vino ottenuto da quest\u2019uva \u201cProsecco\u201d, tutti gli altri territori che utilizzeranno la variet\u00e0 Glera otterranno vino Glera.<br \/>\nLe province che nel loro albo dei vigneti avevano gi\u00e0 da tempo iscritto la variet\u00e0 Prosecco come consigliata o raccomandata hanno mantenuto questo loro diritto e sono Treviso, Belluno, Padova, Vicenza.<br \/>\nIl Friuli Venezia Giulia quindi Pordenone, Udine Gorizia e Trieste hanno la possibilit\u00e0 di piantare Glera ottenendo vino Prosecco in quanto il Paese di Prosecco si trova in Friuli. Anche la provincia di Venezia \u00e8 autorizzata ad ottenere vino Prosecco dalla variet\u00e0 Glera, nonostante non riesca a trovare motivazioni valide e non capisca in base a quali requisiti ci\u00f2 sia stato possibile visto che storicamente il Prosecco non era coltivato in questa zona.<br \/>\nTotale nove Province.<br \/>\nLe zone tradizionali che producevano gi\u00e0 Prosecco DOC, Conegliano Valdobbiadene e Colli Asolani sono diventate territori DOCG.<br \/>\nIl Prosecco prodotto in provincia di Treviso pu\u00f2 fregiarsi della dicitura \u201cProsecco DOC Treviso\u201d, quello prodotto in Provincia di Trieste pu\u00f2 fregiarsi della dicitura \u201cProsecco DOC Trieste\u201d, Tutti gli altri vigneti di Glera situati nelle sette province rimanenti possono fregiarsi solo della dicitura\u201d Prosecco DOC\u201d.<br \/>\nAll\u2019interno delle nove province non sono state individuate e delimitate le aree vocate per la coltivazione della Glera atta a dare Prosecco DOC, come previsto in tutti gli altri disciplinari DOC, quindi sarebbe auspicabile colmare questa lacuna.<br \/>\nDato l\u2019enorme ampliamento della zona di produzione del Prosecco DOC, sarebbe stato sensato bloccare gli impianti di Vigneto Glera atti ad ottenere vino Prosecco e regolamentarli in base alla domanda di mercato dello spumante.<br \/>\nIl blocco degli impianti per le Province venete \u00e8 stato attuato con estremo ritardo nel giugno 2012, quando la superficie vitata a Glera era quasi raddoppiata, per la regione Friuli gli impianti sono stati contingentati.<br \/>\nLe conseguenze di questo ritardo si faranno presto sentire causando un drastico calo del prezzo delle uve, dei mosti e dei vini Prosecco DOC a causa di una produzione che supera la domanda del mercato.<br \/>\nEsiste un altro problema per il Prosecco, tra l\u2019indifferenza generale, molti produttori sia della zona DOCG sia della zona DOC vendono spumante Glera a prezzi molto pi\u00f9 bassi del Prosecco Spumante DOC, spiegando ai propri clienti che si tratta sempre di uva Glera prodotta in zona DOC o DOCG negli stessi vigneti solo che non pu\u00f2 fregiarsi del nome Prosecco perch\u00e9 o sono superi di produzione (20% in pi\u00f9 rispetto alle rese legali permesse dal legislatore) o superi di cantina (la resa in vino della uva Glera \u00e8 75% di cui 70% Prosecco DOCG e 5% Glera, nel caso del Prosecco DOC resa uva 80% di cui 70% DOC e 10% Glera IGT) o perch\u00e9 il produttore non rivendica la DOCG o DOC aumentando la resa sino a 250 q.li \/ha di uva Glera destinata a produrre solo vino Glera.<br \/>\nSe da un lato non si capisce perch\u00e9 il legislatore abbia concesso di produrre nei territori DOC e DOCG dalle stesse uve due tipologie di spumanti, dall\u2019altro \u00e8 ancora meno comprensibile perch\u00e9 i fortunati produttori di Prosecco non difendano questo spumante che ha permesso loro di guadagnare, di investire nelle proprie cantine, e non lo portino come unico baluardo di questo magnifico territorio.<br \/>\nDobbiamo anche considerare che tutti i nuovi impianti di vigneto Glera, all\u2019interno delle province Venete, saranno atti solo a produrre Glera con resa 250 q.li \/ha (IGT) e che questo prodotto andr\u00e0 ad aggiungersi a quello ottenuto da superi di campagna e di cantina, aumentando notevolmente la produzione di vino Glera, che si svaluter\u00e0 ulteriormente ed andr\u00e0 ad alimentare le produzione di spumante Glera a prezzi ancora pi\u00f9 bassi. ( sembra non esista limite di resa per l\u2019 uva Glera destinata alla produzione di vino spumante!)<br \/>\nPi\u00f9 Glera spumante si vender\u00e0 pi\u00f9 scenderanno le vendite di Prosecco DOC e pi\u00f9 scender\u00e0 il suo prezzo.<br \/>\nNel 2011 il prezzo del Prosecco DOC era aumentato eccessivamente toccando i due euro al litro, quindi un ribasso era auspicabile; ma quello che non \u00e8 accettabile sono le enormi e continue fluttuazioni del prezzo, deleterie per il mercato e per il territorio; ora il prezzo \u00e8 in caduta libera.<br \/>\nDa molti anni vige questa logica di mercato che ha un sicuro effetto: riempire le tasche ora di uno ora dell\u2019altro, perdere quote di mercato con l\u2019incognita di poterle riprendere, svuotare i territori del loro valore.<br \/>\nUn accordo tra i protagonisti della filiera potrebbe rendere il prezzo stabile per un lungo periodo permettendo a tutti di guadagnare il giusto; si preferisce invece giocare su rialzi azzardati che rendono il Prosecco spumante non pi\u00f9 competitivo, con il conseguente crollo delle vendite e successivo ribasso dei vini base a prezzi stracciati.<br \/>\nLa situazione attuale \u00e8 molto preoccupante e in pochi anni, dato il notevole aumento degli impianti di vigneto, delle produzioni e quindi dell\u2019offerta di vino base, il prezzo scender\u00e0 notevolmente e un recupero sar\u00e0 molto difficile.<br \/>\nInvece di trasformare i superi di produzione in Glera non era meglio copiare dallo Champagne? vinificare ugualmente il prodotto ottenuto dai superi, conservarlo per un anno, e recuperarlo l\u2019anno successivo nel caso si presentasse una cattiva annata declassando pari volume di vino nuovo; qual\u2019ora l\u2019annata fosse buona mandarlo alla distillazione.<br \/>\nCome possiamo giustificare le numerose aziende produttrici di spumante Prosecco DOC e DOCG che da un lato scelgono un nuovo disciplinare trasformando il nome di vitigno \u201cProsecco\u201d in nome di territorio \u201dProsecco\u201d per potersi difendere dagli speculatori ed impedendo loro di poter utilizzare il nome \u201cProsecco\u201d, e dall\u2019altro producono spumante Glera facendo concorrenza a loro stessi ed agli altri produttori del territorio. Vendendo e a volte svendendo lo Spumante Glera, queste aziende hanno creato un prodotto alternativo al Prosecco DOC e DOCG, che in futuro potr\u00e0 seriamente minare il suo successo poich\u00e9 la Glera potr\u00e0 essere prodotta e resa spumante non solo in tutte le regioni italiane, ma in qualsiasi nazione del mondo.<br \/>\nIl vino Glera base prodotto in un anno, nel territorio del Prosecco, \u00e8 di diverse centinaia di migliaia di ettolitri e da esso si potrebbero potenzialmente ottenere decine di milioni di bottiglie.<br \/>\nLa Glera spumante \u00e8 commercializzata in bottiglie da 0,750ml, nel formato Magnum 1500 ml ed anche nel formato Jeroboam 3000 ml; sintomo della sua crescente diffusione.<br \/>\nE\u2019 presente nei listini dei bar generalmente ad 1,50 euro a bicchiere contro una media di 2,50 euro di un Prosecco DOCG o DOC.<br \/>\nLa produzione spumantistica delle aziende fuori zona autorizzate ad imbottigliare il Prosecco DOC, che nessun legame hanno con il territorio di origine, potrebbe spostarsi verso lo spumante Glera qualora questo prodotto fosse richiesto dal mercato.<br \/>\nAnche in questo caso il prezzo del vino base spumante Prosecco DOC subirebbe una riduzione.<br \/>\nAnche se il mercato delle bollicine \u00e8 in crescita, la vendita di milioni di bottiglie di spumante Glera a basso prezzo sicuramente provocherebbe un calo altrettanto importante di altri spumanti, soprattutto Prosecco.<br \/>\nLe aziende che vogliono continuare a speculare almeno tolgano il nome Glera a questi spumanti e utilizzino nomi di fantasia; forse cos\u00ec eviteremo, dopo aver inventato l\u2019alternativa al Prosecco, di farci deridere dal mondo intero.<br \/>\nPer comprendere quello che sta accadendo; sarebbe come ipotizzare che nella zona dello Champagne, con i superi di produzione, alcuni produttori imbottigliassero lo \u201cChampagnello\u201d spumantino di serie B da vendere a prezzo ridotto, per arraffare un po\u2019 di soldi in pi\u00f9, e distruggere la fama di un territorio fantastico, unico, ricco di storia e di tradizioni, famoso in tutto il mondo.<br \/>\nLa spiccata propensione all\u2019individualismo porta a ricercare obiettivi personali, ogni azienda segue il proprio \u201d marketing\u201d senza pensare alle ripercussioni che queste azioni potranno avere sul territorio e sull\u2019intera filiera produttiva.<br \/>\nPurtroppo nessuno pensa al futuro, l\u2019obiettivo \u00e8 uno solo, il massimo tornaconto economico nel pi\u00f9 breve tempo possibile.<br \/>\nE\u2019 auspicabile che i produttori riflettano sui vantaggi che potrebbe dare una filosofia comune, seguendo l\u2019obiettivo principale, quello sociale, della tutela, della promozione e del benessere del territorio.<br \/>\nCon pochi e semplici accorgimenti si potrebbe risolvere la situazione \u201cSpumante Glera\u201d che va peggiorando di anno in anno:<br \/>\nrivedere i disciplinari di produzione in modo che in zona DOC e DOCG i superi di campagna e di cantina siano destinati solo alla produzione di vino bianco, evitando cosi la produzione di Spumante Glera; destinare le uve Glera, ottenute da vigneti ove si rinuncia a produrre Prosecco DOC e DOCG, alla sola produzione di vino bianco.<br \/>\nE\u2019 il momento di abbandonare i compromessi, affidandoci a scelte giuste e coraggiose, per affermare in tutto il mondo la vocazione e l\u2019unicit\u00e0 del nostro territorio; tuteliamo i territori del Prosecco e difendiamoli dalle speculazioni.<\/p>\n<p>Marzio Pol Conegliano 23 luglio 2012<\/p>\n<\/div>\n","protected":false},"excerpt":{"rendered":"<p>La crisi economica mondiale che ha investito l\u2019Europa e gli Stati Uniti ha ridimensionato la crescita ed il profitto in quasi tutti i settori produttivi; anche il comparto del vino ha risentito di questo momento cosi difficile, nonostante ci\u00f2 alcune nicchie hanno continuato a crescere soprattutto grazie all\u2019esportazione. Il Prosecco DOCG Conegliano \u2013 Valdobbiadene e [&hellip;]<\/p>\n","protected":false},"author":1,"featured_media":1435,"comment_status":"open","ping_status":"open","sticky":false,"template":"","format":"standard","meta":{"footnotes":""},"categories":[14],"tags":[],"class_list":["post-1475","post","type-post","status-publish","format-standard","has-post-thumbnail","hentry","category-uncategorized"],"yoast_head":"<!-- This site is optimized with the Yoast SEO plugin v25.8 - https:\/\/yoast.com\/wordpress\/plugins\/seo\/ -->\n<title>Glera Spumante: A Chi Conviene? - Pol &amp; Pol<\/title>\n<meta name=\"robots\" content=\"index, follow, max-snippet:-1, max-image-preview:large, max-video-preview:-1\" \/>\n<link rel=\"canonical\" href=\"https:\/\/www.polandpol.it\/en\/glera-spumante-a-chi-conviene\/\" \/>\n<meta property=\"og:locale\" content=\"en_US\" \/>\n<meta property=\"og:type\" content=\"article\" \/>\n<meta property=\"og:title\" content=\"Glera Spumante: A Chi Conviene? - Pol &amp; Pol\" \/>\n<meta property=\"og:description\" content=\"La crisi economica mondiale che ha investito l\u2019Europa e gli Stati Uniti ha ridimensionato la crescita ed il profitto in quasi tutti i settori produttivi; anche il comparto del vino ha risentito di questo momento cosi difficile, nonostante ci\u00f2 alcune nicchie hanno continuato a crescere soprattutto grazie all\u2019esportazione. Il Prosecco DOCG Conegliano \u2013 Valdobbiadene e [&hellip;]\" \/>\n<meta property=\"og:url\" content=\"https:\/\/www.polandpol.it\/en\/glera-spumante-a-chi-conviene\/\" \/>\n<meta property=\"og:site_name\" content=\"Pol &amp; Pol\" \/>\n<meta property=\"article:published_time\" content=\"2012-05-25T08:23:00+00:00\" \/>\n<meta property=\"og:image\" content=\"https:\/\/www.polandpol.it\/wp-content\/uploads\/2021\/04\/Logo-pol-and-pol-scaled.jpg\" \/>\n\t<meta property=\"og:image:width\" content=\"2560\" \/>\n\t<meta property=\"og:image:height\" content=\"1771\" \/>\n\t<meta property=\"og:image:type\" content=\"image\/jpeg\" \/>\n<meta name=\"author\" content=\"amministratore\" \/>\n<meta name=\"twitter:card\" content=\"summary_large_image\" \/>\n<meta name=\"twitter:label1\" content=\"Written by\" \/>\n\t<meta name=\"twitter:data1\" content=\"amministratore\" \/>\n\t<meta name=\"twitter:label2\" content=\"Est. reading time\" \/>\n\t<meta name=\"twitter:data2\" content=\"9 minutes\" \/>\n<script type=\"application\/ld+json\" class=\"yoast-schema-graph\">{\"@context\":\"https:\/\/schema.org\",\"@graph\":[{\"@type\":\"Article\",\"@id\":\"https:\/\/www.polandpol.it\/en\/glera-spumante-a-chi-conviene\/#article\",\"isPartOf\":{\"@id\":\"https:\/\/www.polandpol.it\/en\/glera-spumante-a-chi-conviene\/\"},\"author\":{\"name\":\"amministratore\",\"@id\":\"https:\/\/www.polandpol.it\/en\/#\/schema\/person\/a704d1047a1f4d85a63f73e2029ba9e3\"},\"headline\":\"Glera Spumante: A Chi Conviene?\",\"datePublished\":\"2012-05-25T08:23:00+00:00\",\"mainEntityOfPage\":{\"@id\":\"https:\/\/www.polandpol.it\/en\/glera-spumante-a-chi-conviene\/\"},\"wordCount\":1748,\"commentCount\":0,\"publisher\":{\"@id\":\"https:\/\/www.polandpol.it\/en\/#organization\"},\"image\":{\"@id\":\"https:\/\/www.polandpol.it\/en\/glera-spumante-a-chi-conviene\/#primaryimage\"},\"thumbnailUrl\":\"https:\/\/www.polandpol.it\/wp-content\/uploads\/2021\/04\/Logo-pol-and-pol-scaled.jpg\",\"inLanguage\":\"en-US\",\"potentialAction\":[{\"@type\":\"CommentAction\",\"name\":\"Comment\",\"target\":[\"https:\/\/www.polandpol.it\/en\/glera-spumante-a-chi-conviene\/#respond\"]}]},{\"@type\":\"WebPage\",\"@id\":\"https:\/\/www.polandpol.it\/en\/glera-spumante-a-chi-conviene\/\",\"url\":\"https:\/\/www.polandpol.it\/en\/glera-spumante-a-chi-conviene\/\",\"name\":\"Glera Spumante: A Chi Conviene? - Pol &amp; Pol\",\"isPartOf\":{\"@id\":\"https:\/\/www.polandpol.it\/en\/#website\"},\"primaryImageOfPage\":{\"@id\":\"https:\/\/www.polandpol.it\/en\/glera-spumante-a-chi-conviene\/#primaryimage\"},\"image\":{\"@id\":\"https:\/\/www.polandpol.it\/en\/glera-spumante-a-chi-conviene\/#primaryimage\"},\"thumbnailUrl\":\"https:\/\/www.polandpol.it\/wp-content\/uploads\/2021\/04\/Logo-pol-and-pol-scaled.jpg\",\"datePublished\":\"2012-05-25T08:23:00+00:00\",\"breadcrumb\":{\"@id\":\"https:\/\/www.polandpol.it\/en\/glera-spumante-a-chi-conviene\/#breadcrumb\"},\"inLanguage\":\"en-US\",\"potentialAction\":[{\"@type\":\"ReadAction\",\"target\":[\"https:\/\/www.polandpol.it\/en\/glera-spumante-a-chi-conviene\/\"]}]},{\"@type\":\"ImageObject\",\"inLanguage\":\"en-US\",\"@id\":\"https:\/\/www.polandpol.it\/en\/glera-spumante-a-chi-conviene\/#primaryimage\",\"url\":\"https:\/\/www.polandpol.it\/wp-content\/uploads\/2021\/04\/Logo-pol-and-pol-scaled.jpg\",\"contentUrl\":\"https:\/\/www.polandpol.it\/wp-content\/uploads\/2021\/04\/Logo-pol-and-pol-scaled.jpg\",\"width\":2560,\"height\":1771,\"caption\":\"Uncorking a bottle of red wine\"},{\"@type\":\"BreadcrumbList\",\"@id\":\"https:\/\/www.polandpol.it\/en\/glera-spumante-a-chi-conviene\/#breadcrumb\",\"itemListElement\":[{\"@type\":\"ListItem\",\"position\":1,\"name\":\"Home\",\"item\":\"https:\/\/www.polandpol.it\/en\/\"},{\"@type\":\"ListItem\",\"position\":2,\"name\":\"Glera Spumante: A Chi Conviene?\"}]},{\"@type\":\"WebSite\",\"@id\":\"https:\/\/www.polandpol.it\/en\/#website\",\"url\":\"https:\/\/www.polandpol.it\/en\/\",\"name\":\"Pol &amp; Pol\",\"description\":\"Consulenze Enologiche\",\"publisher\":{\"@id\":\"https:\/\/www.polandpol.it\/en\/#organization\"},\"potentialAction\":[{\"@type\":\"SearchAction\",\"target\":{\"@type\":\"EntryPoint\",\"urlTemplate\":\"https:\/\/www.polandpol.it\/en\/?s={search_term_string}\"},\"query-input\":{\"@type\":\"PropertyValueSpecification\",\"valueRequired\":true,\"valueName\":\"search_term_string\"}}],\"inLanguage\":\"en-US\"},{\"@type\":\"Organization\",\"@id\":\"https:\/\/www.polandpol.it\/en\/#organization\",\"name\":\"Pol & Pol - Consulenze enologiche\",\"url\":\"https:\/\/www.polandpol.it\/en\/\",\"logo\":{\"@type\":\"ImageObject\",\"inLanguage\":\"en-US\",\"@id\":\"https:\/\/www.polandpol.it\/en\/#\/schema\/logo\/image\/\",\"url\":\"https:\/\/www.polandpol.it\/wp-content\/uploads\/2021\/04\/favicon.png\",\"contentUrl\":\"https:\/\/www.polandpol.it\/wp-content\/uploads\/2021\/04\/favicon.png\",\"width\":500,\"height\":500,\"caption\":\"Pol & Pol - Consulenze enologiche\"},\"image\":{\"@id\":\"https:\/\/www.polandpol.it\/en\/#\/schema\/logo\/image\/\"}},{\"@type\":\"Person\",\"@id\":\"https:\/\/www.polandpol.it\/en\/#\/schema\/person\/a704d1047a1f4d85a63f73e2029ba9e3\",\"name\":\"amministratore\",\"image\":{\"@type\":\"ImageObject\",\"inLanguage\":\"en-US\",\"@id\":\"https:\/\/www.polandpol.it\/en\/#\/schema\/person\/image\/\",\"url\":\"https:\/\/secure.gravatar.com\/avatar\/1661449fab31bec5144053cacf06a7bc541883edbec2b1c5bdbe4ca27f725d7a?s=96&d=mm&r=g\",\"contentUrl\":\"https:\/\/secure.gravatar.com\/avatar\/1661449fab31bec5144053cacf06a7bc541883edbec2b1c5bdbe4ca27f725d7a?s=96&d=mm&r=g\",\"caption\":\"amministratore\"},\"url\":\"https:\/\/www.polandpol.it\/en\/author\/amministratore\/\"}]}<\/script>\n<!-- \/ Yoast SEO plugin. -->","yoast_head_json":{"title":"Glera Spumante: A Chi Conviene? - Pol &amp; Pol","robots":{"index":"index","follow":"follow","max-snippet":"max-snippet:-1","max-image-preview":"max-image-preview:large","max-video-preview":"max-video-preview:-1"},"canonical":"https:\/\/www.polandpol.it\/en\/glera-spumante-a-chi-conviene\/","og_locale":"en_US","og_type":"article","og_title":"Glera Spumante: A Chi Conviene? - Pol &amp; Pol","og_description":"La crisi economica mondiale che ha investito l\u2019Europa e gli Stati Uniti ha ridimensionato la crescita ed il profitto in quasi tutti i settori produttivi; anche il comparto del vino ha risentito di questo momento cosi difficile, nonostante ci\u00f2 alcune nicchie hanno continuato a crescere soprattutto grazie all\u2019esportazione. Il Prosecco DOCG Conegliano \u2013 Valdobbiadene e [&hellip;]","og_url":"https:\/\/www.polandpol.it\/en\/glera-spumante-a-chi-conviene\/","og_site_name":"Pol &amp; Pol","article_published_time":"2012-05-25T08:23:00+00:00","og_image":[{"width":2560,"height":1771,"url":"https:\/\/www.polandpol.it\/wp-content\/uploads\/2021\/04\/Logo-pol-and-pol-scaled.jpg","type":"image\/jpeg"}],"author":"amministratore","twitter_card":"summary_large_image","twitter_misc":{"Written by":"amministratore","Est. reading time":"9 minutes"},"schema":{"@context":"https:\/\/schema.org","@graph":[{"@type":"Article","@id":"https:\/\/www.polandpol.it\/en\/glera-spumante-a-chi-conviene\/#article","isPartOf":{"@id":"https:\/\/www.polandpol.it\/en\/glera-spumante-a-chi-conviene\/"},"author":{"name":"amministratore","@id":"https:\/\/www.polandpol.it\/en\/#\/schema\/person\/a704d1047a1f4d85a63f73e2029ba9e3"},"headline":"Glera Spumante: A Chi Conviene?","datePublished":"2012-05-25T08:23:00+00:00","mainEntityOfPage":{"@id":"https:\/\/www.polandpol.it\/en\/glera-spumante-a-chi-conviene\/"},"wordCount":1748,"commentCount":0,"publisher":{"@id":"https:\/\/www.polandpol.it\/en\/#organization"},"image":{"@id":"https:\/\/www.polandpol.it\/en\/glera-spumante-a-chi-conviene\/#primaryimage"},"thumbnailUrl":"https:\/\/www.polandpol.it\/wp-content\/uploads\/2021\/04\/Logo-pol-and-pol-scaled.jpg","inLanguage":"en-US","potentialAction":[{"@type":"CommentAction","name":"Comment","target":["https:\/\/www.polandpol.it\/en\/glera-spumante-a-chi-conviene\/#respond"]}]},{"@type":"WebPage","@id":"https:\/\/www.polandpol.it\/en\/glera-spumante-a-chi-conviene\/","url":"https:\/\/www.polandpol.it\/en\/glera-spumante-a-chi-conviene\/","name":"Glera Spumante: A Chi Conviene? - Pol &amp; Pol","isPartOf":{"@id":"https:\/\/www.polandpol.it\/en\/#website"},"primaryImageOfPage":{"@id":"https:\/\/www.polandpol.it\/en\/glera-spumante-a-chi-conviene\/#primaryimage"},"image":{"@id":"https:\/\/www.polandpol.it\/en\/glera-spumante-a-chi-conviene\/#primaryimage"},"thumbnailUrl":"https:\/\/www.polandpol.it\/wp-content\/uploads\/2021\/04\/Logo-pol-and-pol-scaled.jpg","datePublished":"2012-05-25T08:23:00+00:00","breadcrumb":{"@id":"https:\/\/www.polandpol.it\/en\/glera-spumante-a-chi-conviene\/#breadcrumb"},"inLanguage":"en-US","potentialAction":[{"@type":"ReadAction","target":["https:\/\/www.polandpol.it\/en\/glera-spumante-a-chi-conviene\/"]}]},{"@type":"ImageObject","inLanguage":"en-US","@id":"https:\/\/www.polandpol.it\/en\/glera-spumante-a-chi-conviene\/#primaryimage","url":"https:\/\/www.polandpol.it\/wp-content\/uploads\/2021\/04\/Logo-pol-and-pol-scaled.jpg","contentUrl":"https:\/\/www.polandpol.it\/wp-content\/uploads\/2021\/04\/Logo-pol-and-pol-scaled.jpg","width":2560,"height":1771,"caption":"Uncorking a bottle of red wine"},{"@type":"BreadcrumbList","@id":"https:\/\/www.polandpol.it\/en\/glera-spumante-a-chi-conviene\/#breadcrumb","itemListElement":[{"@type":"ListItem","position":1,"name":"Home","item":"https:\/\/www.polandpol.it\/en\/"},{"@type":"ListItem","position":2,"name":"Glera Spumante: A Chi Conviene?"}]},{"@type":"WebSite","@id":"https:\/\/www.polandpol.it\/en\/#website","url":"https:\/\/www.polandpol.it\/en\/","name":"Pol &amp; Pol","description":"Consulenze Enologiche","publisher":{"@id":"https:\/\/www.polandpol.it\/en\/#organization"},"potentialAction":[{"@type":"SearchAction","target":{"@type":"EntryPoint","urlTemplate":"https:\/\/www.polandpol.it\/en\/?s={search_term_string}"},"query-input":{"@type":"PropertyValueSpecification","valueRequired":true,"valueName":"search_term_string"}}],"inLanguage":"en-US"},{"@type":"Organization","@id":"https:\/\/www.polandpol.it\/en\/#organization","name":"Pol & Pol - Consulenze enologiche","url":"https:\/\/www.polandpol.it\/en\/","logo":{"@type":"ImageObject","inLanguage":"en-US","@id":"https:\/\/www.polandpol.it\/en\/#\/schema\/logo\/image\/","url":"https:\/\/www.polandpol.it\/wp-content\/uploads\/2021\/04\/favicon.png","contentUrl":"https:\/\/www.polandpol.it\/wp-content\/uploads\/2021\/04\/favicon.png","width":500,"height":500,"caption":"Pol & Pol - Consulenze enologiche"},"image":{"@id":"https:\/\/www.polandpol.it\/en\/#\/schema\/logo\/image\/"}},{"@type":"Person","@id":"https:\/\/www.polandpol.it\/en\/#\/schema\/person\/a704d1047a1f4d85a63f73e2029ba9e3","name":"amministratore","image":{"@type":"ImageObject","inLanguage":"en-US","@id":"https:\/\/www.polandpol.it\/en\/#\/schema\/person\/image\/","url":"https:\/\/secure.gravatar.com\/avatar\/1661449fab31bec5144053cacf06a7bc541883edbec2b1c5bdbe4ca27f725d7a?s=96&d=mm&r=g","contentUrl":"https:\/\/secure.gravatar.com\/avatar\/1661449fab31bec5144053cacf06a7bc541883edbec2b1c5bdbe4ca27f725d7a?s=96&d=mm&r=g","caption":"amministratore"},"url":"https:\/\/www.polandpol.it\/en\/author\/amministratore\/"}]}},"_links":{"self":[{"href":"https:\/\/www.polandpol.it\/en\/wp-json\/wp\/v2\/posts\/1475","targetHints":{"allow":["GET"]}}],"collection":[{"href":"https:\/\/www.polandpol.it\/en\/wp-json\/wp\/v2\/posts"}],"about":[{"href":"https:\/\/www.polandpol.it\/en\/wp-json\/wp\/v2\/types\/post"}],"author":[{"embeddable":true,"href":"https:\/\/www.polandpol.it\/en\/wp-json\/wp\/v2\/users\/1"}],"replies":[{"embeddable":true,"href":"https:\/\/www.polandpol.it\/en\/wp-json\/wp\/v2\/comments?post=1475"}],"version-history":[{"count":0,"href":"https:\/\/www.polandpol.it\/en\/wp-json\/wp\/v2\/posts\/1475\/revisions"}],"wp:featuredmedia":[{"embeddable":true,"href":"https:\/\/www.polandpol.it\/en\/wp-json\/wp\/v2\/media\/1435"}],"wp:attachment":[{"href":"https:\/\/www.polandpol.it\/en\/wp-json\/wp\/v2\/media?parent=1475"}],"wp:term":[{"taxonomy":"category","embeddable":true,"href":"https:\/\/www.polandpol.it\/en\/wp-json\/wp\/v2\/categories?post=1475"},{"taxonomy":"post_tag","embeddable":true,"href":"https:\/\/www.polandpol.it\/en\/wp-json\/wp\/v2\/tags?post=1475"}],"curies":[{"name":"wp","href":"https:\/\/api.w.org\/{rel}","templated":true}]}}