{"id":1480,"date":"2011-05-25T10:28:47","date_gmt":"2011-05-25T08:28:47","guid":{"rendered":"http:\/\/test-sitoweb.it\/polandpol\/comunicato-stampa-assegnato-il-premio-sive-per-la-ricerca-2011-giuseppe-versini\/"},"modified":"2011-05-25T10:28:47","modified_gmt":"2011-05-25T08:28:47","slug":"comunicato-stampa-assegnato-il-premio-sive-per-la-ricerca-2011-giuseppe-versini","status":"publish","type":"post","link":"https:\/\/www.polandpol.it\/en\/comunicato-stampa-assegnato-il-premio-sive-per-la-ricerca-2011-giuseppe-versini\/","title":{"rendered":"Comunicato stampa assegnato il premio sive per la ricerca 2011 \u2018giuseppe versini\u2019"},"content":{"rendered":"<div>\n<p>Matteo Gatti, dell\u2019Istituto di Viticoltura dell\u2019Universit\u00e0 Cattolica di Piacenza, si aggiudica il primo posto con un lavoro sugli effetti della defogliazione precoce e del diradamento dei grappoli su Sangiovese<\/p>\n<p>La proclamazione del vincitore da parte del CdA Sive lo scorso 22 luglio ha finalizzato un processo di selezione iniziato a dicembre 2011 su una rosa di 35 lavori candidati appartenenti ad oltre 40 centri di ricerca vitivinicola italiani. I riassunti di questi lavori sono stati inizialmente valutati in modo anonimo dal Comitato Scientifico sulla base del criterio \u201cgrado d\u2019innovazione e interesse dell\u2019argomento\u201d. I 25 lavori che hanno ricevuto il miglior punteggio sono stati oggetto di presentazione orale a Enoforum 2011. Durante il mese successivo, i Soci Sive e tutti i tecnici che hanno partecipato ad Enoforum sono stati invitati ad esprimere un giudizio su questi lavori in base alla \u201cutilit\u00e0 per la loro attivit\u00e0 quotidiana\u201d. Il punteggio medio ottenuto ha avuto un peso determinante nell\u2019assegnazione finale del Premio, mentre il Comitato Scientifico \u00e8 sollecitato a giudicare il \u201cvalore scientifico\u201d del lavoro, sulla base di un articolo integrale presentato dagli autori.<br \/>\nInfine, il CdA Sive ha stilato una classifica tenendo conto dei giudizi ponderati dei tecnici e del CS, che vede al primo posto il lavoro:<\/p>\n<p>EFFETTI DIFFERENZIALI DEL DIRADAMENTO DEI GRAPPOLI E DELLA DEFOGLIAZIONE PRECOCE SU RESA, COMPOSIZIONE DELLE UVE E QUALIT\u00c0 DEI VINI IN SANGIOVESE<br \/>\nAutori:<br \/>\nMatteo GATTI, S. CIVARDI, F. BERNIZZONI, S. PONI<br \/>\nIstituto di Frutti-Viticoltura, Universit\u00e0 Cattolica del Sacro Cuore, Piacenza<\/p>\n<p>L\u2019assegnazione del Premio Versini 2011 a Matteo Gatti comporta l\u2019erogazione da parte di SIVE di una somma pari a \u20ac 5.000 sul fondo di ricerca gestito dagli autori.<\/p>\n<p>Il neo-eletto Presidente Sive Prof. Emilio Celotti, che ha anche coordinato i lavori di selezione del Premio, ha espresso \u201csincere congratulazioni al Dr. Gatti ed al gruppo di lavoro a cui appartiene, per l\u2019alto valore scientifico, la completezza e l\u2019organicit\u00e0 del lavoro sperimentale premiato. I risultati ottenuti descrivono nel dettaglio una pratica viticola che pu\u00f2 rivelarsi particolarmente utile in numerosi contesti produttivi del nostro paese, e non solo. Probabilmente proprio per questo il lavoro ha ottenuto grande consenso da parte dei tecnici. Il giudizio positivo da parte del mondo della produzione \u00e8 stato convalidato anche dal Comitato Scientifico, che ha assegnato punteggi molto elevati al suo valore scientifico. Per il CdA Sive \u00e8 stato quindi facile giungere all\u2019assegnazione del Premio, vista la convergenza di giudizi d\u2019eccellenza da parte dei due mondi \u2013 produzione e ricerca \u2013 che l\u2019associazione si propone di far colloquiare sempre di pi\u00f9. Ulteriore soddisfazione deriva dal fatto che il lavoro riguardi un tema viticolo, visto che uno dei nostri obiettivi \u00e8 quello di favorire quanto pi\u00f9 possibile l\u2019interdisciplinariet\u00e0 del tecnici del settore\u201d.<\/p>\n<p>Continua Celotti: \u201cUn commento importante su questa 3\u00b0 edizione del Premio Sive, dedicato a Giuseppe Versini, riguarda l\u2019ottima qualit\u00e0 di molti dei lavori candidati. Negli anni il Premio ha acquisito sempre maggiore prestigio, come dimostra, oltre al numero complessivo dei candidati, la presenza tra gli autori di numerose personalit\u00e0 del mondo scientifico internazionale e di centri di ricerca prestigiosi. Riteniamo opportuno citare i lavori che, pur avendo ottenuto un punteggio inferiore a quello del vincitore, hanno ricevuto valutazioni molto positive sia da parte dei tecnici che del Comitato Scientifico\u201d<\/p>\n<p>(in ordine alfabetico dell\u2019autore che ha presentato il lavoro da Enoforum 2011 \u2013 in neretto)<\/p>\n<p>Il primo approccio metabolomico per lo studio della micro-ossigenazione<br \/>\nF. MATTIVI1, Panagiotis ARAPITSAS1, A. BIONDI BARTOLINI2, S. DI BLASI2, D. PERENZONI1, A. RIGO3, U. VRHOVSEK1<br \/>\n1 IASMA, Centro Ricerca e Innovazione; 2 Consorzio Tuscania, Firenze; 3 Dipartimento di Chimica Biologica, Universit\u00e0 di Padova<\/p>\n<p>Applicazione degli ultrasuoni come tecnica innovativa per ottimizzare l\u2019estrazione dei composti fenolici e favorire la lisi del lievito<br \/>\nPaola FERRARETTO1, P. ROLLE2, E. CELOTTI1<br \/>\n1Dipartimento Scienze degli Alimenti, Universit\u00e0 di Udine; 2Universit\u00e0 della Borgogna, Institut Jules Guyot IUVV \u2013 Dijon<\/p>\n<p>Effetto del glutatione e dell\u2019anidride solforosa sull\u2019ossidazione dei fenoli nel vino bianco<br \/>\nDaniela FRACASSETTI1, A. VANZO2, K. LISJAK2, A. TIRELLI1, W. DU TOIT3<br \/>\n1Dipartimento di Scienze e Tecnologie Alimentari e Microbiologiche, Universit\u00e0 degli Studi di<br \/>\nMilano; 2Agricultural Institute of Slovenia, Ljubljana; 3Department of Viticulture and Oenology, University of Stellenbosch, South Africa.<\/p>\n<p>Vini particolarmente \u201cpepati\u201d: da conoscere, comunicare, valorizzare<br \/>\nFulvio MATTIVI1, L. CAPUTI1, S. CARLIN1, M. STEFANINI1, L. VALENTI2, I. GHIGLIENO2, J. TARDAGUILA3, D. NANNI 4, U. VRHOVSEK1<br \/>\n1 IASMA, Centro Ricerca e Innovazione; 2 Dipartimento di Produzione Vegetale \u201cDi.Pro.Ve\u201d, Universit\u00e0 di Milano; 3 Instituto de Ciencias de la Vid y del Vino, Universidad de La Rioja; 4 Dipartimento di Chimica Organica &#8220;A. Mangini&#8221;, Universit\u00e0 di Bologna;<\/p>\n<p>Cura del carattere Brett dei vini con polimeri cellulosici<br \/>\nGiorgio NICOLINI, S. ROHREGGER, M. MALACARNE, C. PUECHER, R. LARCHER<br \/>\nFondazione E. Mach &#8211; Istituto Agrario di San Michele all&#8217;Adige (FEM &#8211; IASMA)<\/p>\n<p>Evoluzione del glutatione durante la vinificazione<br \/>\nDaniela FRACASSETTI, Antonio TIRELLI<br \/>\nDipartimento di Scienze e Tecnologie Alimentari e Microbiologiche, Universit\u00e0 di Milano<\/p>\n<p>Metodo rapido per la determinazione e la quantificazione di proteine e glicoproteine nei vini bianchi<br \/>\nSimone VINCENZI, Giacomo ZAPPAROLI, Gianni ZOCCATELLI, Barbara SIMONATO<br \/>\nUniversit\u00e0 di Padova &#8211; Universit\u00e0 di Verona<\/p>\n<p>Conclude Celotti ricordando la dedica del Premio Sive 2011 a Giuseppe Versini, \u201cricercatore trentino d\u2019eccellenza internazionale da poco scomparso che, oltre ad avere in varie occasioni partecipato in modo attivo alle nostre attivit\u00e0 associative, ha sempre considerato fondamentale promuovere una continua collaborazione tra ricerca e produzione nel nostro settore. Siamo onorati dal fatto che la famiglia del Dott. Versini ci abbia permesso di collegare il suo nome al nostro Premio. Per noi \u00e8 significato poter ricordare un amico di molti associati, ma anche celebrare e promuovere uno stile di lavoro che speriamo possa essere d\u2019esempio a tutto il mondo della ricerca vitivinicola\u201d.<\/p>\n<p>&#8212;&#8212;&#8211;<\/p>\n<p>Dal 2005 SIVE si \u00e8 data l\u2019obiettivo di \u201cSostenere una maggiore collaborazione tra le aziende produttive e il mondo della ricerca enologica e viticola\u201d, aiutando il mondo della produzione nella formulazione della domanda ed il mondo della ricerca nella definizione della propria offerta di conoscenze utili alla produzione. A tal fine, oltre a dedicare un ampio spazio alla ricerca italiana nell\u2019ambito di Enoforum e delle sua altre attivit\u00e0, il CdA ha istituito il Premio SIVE Ricerca per lo Sviluppo, destinato a quei ricercatori che, oltre a svolgere un lavoro di alto valore scientifico, indirizzano la propria ricerca su temi importanti e strategici per la vitivinicoltura moderna e danno particolare rilevanza agli aspetti applicativi e pratici, nonch\u00e9 alla divulgazione dei loro risultati presso i produttori.<\/p>\n<p>A differenza di altri riconoscimenti, la valutazione dei lavori candidati per l\u2019assegnazione del Premio SIVE \u00e8 effettuata in modo congiunto da ricercatori e tecnici:<\/p>\n<p>dal Comitato Scientifico SIVE, che hanno selezionano i lavori candidati inseriti nel programma di Enoforum sulla base del grado d\u2019innovazione e successivamente valutano il loro valore scientifico; attualmente il CS SIVE \u00e8 composto da 30 componenti<br \/>\ndai tecnici associati a SIVE e partecipanti ad Enoforum, che valutano l\u2019utilit\u00e0 della ricerca per lo sviluppo della produzione vitivinicola italiana dopo avere assistito alla loro presentazione ad Enoforum 2011, compilando un questionario distribuito sia in forma cartacea sia on-line.<\/p>\n<p>L\u2019annuncio del Premio SIVE 2011, giunto alla sua 3\u00b0 edizione, ha coinciso quest\u2019anno con la triste notizia della scomparsa del Dott. Giuseppe Versini, ricercatore italiano di fama mondiale e convinto sostenitore della necessit\u00e0 di alimentare il dialogo e la collaborazione tra ricerca e produzione. Data la perfetta sintonia tra l\u2019attivit\u00e0 professionale del Dott. Versini e lo spirito del riconoscimento, il CdA ha deciso di dedicare il Premio alla sua memoria. Versini \u00e8 anche stato ricordato ad Enoforum 2011 con una sintesi dei risultati della ricerca da egli prodotta nei numerosi anni di attivit\u00e0 presso l\u2019Istituto di San Michele all\u2019Adige, affidata al collega ed amico Giorgio Nicolini e che ha dato il via alle presentazioni orali dei lavori candidati al Premio.<\/p>\n<p>Composizione del COMITATO SCIENTIFICO SIVE<br \/>\n(Coordinatore: Prof. Emilio Celotti)<\/p>\n<p>Prof. Luigi Bavaresco, CRA \u2013 VIT Conegliano<br \/>\nProf. Mario Bertuccioli, Universit\u00e0 di Firenze<br \/>\nProf. Vasco Boatto, Universit\u00e0 di Padova<br \/>\nDott.ssa Daniela Borsa, CRA \u2013 ENO Asti<br \/>\nProf. Maurizio Boselli, Universit\u00e0 di Verona<br \/>\nDott.ssa Antonella Bosso, CRA \u2013 ENO di Asti<br \/>\nProf. Emilio Celotti, Universit\u00e0 di Udine<br \/>\nProf. Rocco Di Stefano, Universit\u00e0 di Palermo<br \/>\nProf. G. Antonio Farris, Universit\u00e0 di Sassari<br \/>\nProf. Roberto Ferrarini, Universit\u00e0 di Verona<br \/>\nProf.ssa Ilaria Filippetti, Universit\u00e0 di Bologna<br \/>\nProf. Sergio Galassi, Universit\u00e0 di Bologna<br \/>\nProf. Vincenzo Gerbi, Universit\u00e0 di Torino<br \/>\nProf. Paolo Giudici, Universit\u00e0 di MO e RE<br \/>\nDott. Raffaele Lovino, CRA \u2013 Barletta<br \/>\nProf.ssa Marisa Manzano, Universit\u00e0 di Udine<br \/>\nProf. Luigi Moio, Universit\u00e0 di Napoli<br \/>\nDott. Giorgio Nicolini, FEM San Michele<br \/>\nProf. Vittorino Novello, Universit\u00e0 di Torino<br \/>\nProf. Enrico Peterlunger, Universit\u00e0 di Udine<br \/>\nProf. Stefano Poni, Universit\u00e0 C.S.C. di Piacenza<br \/>\nProf. Claudio Riponi, Universit\u00e0 di Bologna<br \/>\nProf. Luca Rolle, Universit\u00e0 di Torino<br \/>\nProf. Attilio Scienza, Universit\u00e0 di Milano<br \/>\nProf.ssa Angela Silva, Universit\u00e0 di Piacenza<br \/>\nDott. Paolo Storchi, CRA \u2013 Ist. Sper. Arezzo<br \/>\nProf.ssa Giovanna Suzzi, Universit\u00e0 di Teramo<br \/>\nDott. Diego Tomasi, CRA \u2013 VIT Conegliano<br \/>\nDott. Mario Ubigli, CRA \u2013 Ist. Sper. Enol. di Asti<br \/>\nProf. Andrea Versari, Universit\u00e0 di Bologna<\/p>\n<p>&nbsp;<\/p>\n<p>S.I.V.E Associazione Culturale senza fini di lucro &#8211; Piazza 1\u00b0 maggio 20 &#8211; 29028 Ponte dell&#8217;Olio (PC)<br \/>\nSegreteria: VINIDEA Srl tel. 0523\/876423 &#8211; Fax 0523\/876340 sito internet www.vinidea.it e-mail info@vinidea.it<\/p>\n<\/div>\n","protected":false},"excerpt":{"rendered":"<p>Matteo Gatti, dell\u2019Istituto di Viticoltura dell\u2019Universit\u00e0 Cattolica di Piacenza, si aggiudica il primo posto con un lavoro sugli effetti della defogliazione precoce e del diradamento dei grappoli su Sangiovese La proclamazione del vincitore da parte del CdA Sive lo scorso 22 luglio ha finalizzato un processo di selezione iniziato a dicembre 2011 su una rosa [&hellip;]<\/p>\n","protected":false},"author":1,"featured_media":1349,"comment_status":"open","ping_status":"open","sticky":false,"template":"","format":"standard","meta":{"footnotes":""},"categories":[14],"tags":[],"class_list":["post-1480","post","type-post","status-publish","format-standard","has-post-thumbnail","hentry","category-uncategorized"],"yoast_head":"<!-- This site is optimized with the Yoast SEO plugin v25.8 - https:\/\/yoast.com\/wordpress\/plugins\/seo\/ -->\n<title>Comunicato stampa assegnato il premio sive per la ricerca 2011 \u2018giuseppe versini\u2019 - Pol &amp; Pol<\/title>\n<meta name=\"robots\" content=\"index, follow, max-snippet:-1, max-image-preview:large, max-video-preview:-1\" \/>\n<link rel=\"canonical\" href=\"https:\/\/www.polandpol.it\/en\/comunicato-stampa-assegnato-il-premio-sive-per-la-ricerca-2011-giuseppe-versini\/\" \/>\n<meta property=\"og:locale\" content=\"en_US\" \/>\n<meta property=\"og:type\" content=\"article\" \/>\n<meta property=\"og:title\" content=\"Comunicato stampa assegnato il premio sive per la ricerca 2011 \u2018giuseppe versini\u2019 - Pol &amp; Pol\" \/>\n<meta property=\"og:description\" content=\"Matteo Gatti, dell\u2019Istituto di Viticoltura dell\u2019Universit\u00e0 Cattolica di Piacenza, si aggiudica il primo posto con un lavoro sugli effetti della defogliazione precoce e del diradamento dei grappoli su Sangiovese La proclamazione del vincitore da parte del CdA Sive lo scorso 22 luglio ha finalizzato un processo di selezione iniziato a dicembre 2011 su una rosa [&hellip;]\" \/>\n<meta property=\"og:url\" content=\"https:\/\/www.polandpol.it\/en\/comunicato-stampa-assegnato-il-premio-sive-per-la-ricerca-2011-giuseppe-versini\/\" \/>\n<meta property=\"og:site_name\" content=\"Pol &amp; Pol\" \/>\n<meta property=\"article:published_time\" content=\"2011-05-25T08:28:47+00:00\" \/>\n<meta property=\"og:image\" content=\"https:\/\/www.polandpol.it\/wp-content\/uploads\/2021\/03\/wine-4813260_1920.jpg\" \/>\n\t<meta property=\"og:image:width\" content=\"1920\" \/>\n\t<meta property=\"og:image:height\" content=\"1281\" \/>\n\t<meta property=\"og:image:type\" content=\"image\/jpeg\" \/>\n<meta name=\"author\" content=\"amministratore\" \/>\n<meta name=\"twitter:card\" content=\"summary_large_image\" \/>\n<meta name=\"twitter:label1\" content=\"Written by\" \/>\n\t<meta name=\"twitter:data1\" content=\"amministratore\" \/>\n\t<meta name=\"twitter:label2\" content=\"Est. reading time\" \/>\n\t<meta name=\"twitter:data2\" content=\"8 minutes\" \/>\n<script type=\"application\/ld+json\" class=\"yoast-schema-graph\">{\"@context\":\"https:\/\/schema.org\",\"@graph\":[{\"@type\":\"Article\",\"@id\":\"https:\/\/www.polandpol.it\/en\/comunicato-stampa-assegnato-il-premio-sive-per-la-ricerca-2011-giuseppe-versini\/#article\",\"isPartOf\":{\"@id\":\"https:\/\/www.polandpol.it\/en\/comunicato-stampa-assegnato-il-premio-sive-per-la-ricerca-2011-giuseppe-versini\/\"},\"author\":{\"name\":\"amministratore\",\"@id\":\"https:\/\/www.polandpol.it\/en\/#\/schema\/person\/a704d1047a1f4d85a63f73e2029ba9e3\"},\"headline\":\"Comunicato stampa assegnato il premio sive per la ricerca 2011 \u2018giuseppe versini\u2019\",\"datePublished\":\"2011-05-25T08:28:47+00:00\",\"mainEntityOfPage\":{\"@id\":\"https:\/\/www.polandpol.it\/en\/comunicato-stampa-assegnato-il-premio-sive-per-la-ricerca-2011-giuseppe-versini\/\"},\"wordCount\":1526,\"commentCount\":0,\"publisher\":{\"@id\":\"https:\/\/www.polandpol.it\/en\/#organization\"},\"image\":{\"@id\":\"https:\/\/www.polandpol.it\/en\/comunicato-stampa-assegnato-il-premio-sive-per-la-ricerca-2011-giuseppe-versini\/#primaryimage\"},\"thumbnailUrl\":\"https:\/\/www.polandpol.it\/wp-content\/uploads\/2021\/03\/wine-4813260_1920.jpg\",\"inLanguage\":\"en-US\",\"potentialAction\":[{\"@type\":\"CommentAction\",\"name\":\"Comment\",\"target\":[\"https:\/\/www.polandpol.it\/en\/comunicato-stampa-assegnato-il-premio-sive-per-la-ricerca-2011-giuseppe-versini\/#respond\"]}]},{\"@type\":\"WebPage\",\"@id\":\"https:\/\/www.polandpol.it\/en\/comunicato-stampa-assegnato-il-premio-sive-per-la-ricerca-2011-giuseppe-versini\/\",\"url\":\"https:\/\/www.polandpol.it\/en\/comunicato-stampa-assegnato-il-premio-sive-per-la-ricerca-2011-giuseppe-versini\/\",\"name\":\"Comunicato stampa assegnato il premio sive per la ricerca 2011 \u2018giuseppe versini\u2019 - Pol &amp; Pol\",\"isPartOf\":{\"@id\":\"https:\/\/www.polandpol.it\/en\/#website\"},\"primaryImageOfPage\":{\"@id\":\"https:\/\/www.polandpol.it\/en\/comunicato-stampa-assegnato-il-premio-sive-per-la-ricerca-2011-giuseppe-versini\/#primaryimage\"},\"image\":{\"@id\":\"https:\/\/www.polandpol.it\/en\/comunicato-stampa-assegnato-il-premio-sive-per-la-ricerca-2011-giuseppe-versini\/#primaryimage\"},\"thumbnailUrl\":\"https:\/\/www.polandpol.it\/wp-content\/uploads\/2021\/03\/wine-4813260_1920.jpg\",\"datePublished\":\"2011-05-25T08:28:47+00:00\",\"breadcrumb\":{\"@id\":\"https:\/\/www.polandpol.it\/en\/comunicato-stampa-assegnato-il-premio-sive-per-la-ricerca-2011-giuseppe-versini\/#breadcrumb\"},\"inLanguage\":\"en-US\",\"potentialAction\":[{\"@type\":\"ReadAction\",\"target\":[\"https:\/\/www.polandpol.it\/en\/comunicato-stampa-assegnato-il-premio-sive-per-la-ricerca-2011-giuseppe-versini\/\"]}]},{\"@type\":\"ImageObject\",\"inLanguage\":\"en-US\",\"@id\":\"https:\/\/www.polandpol.it\/en\/comunicato-stampa-assegnato-il-premio-sive-per-la-ricerca-2011-giuseppe-versini\/#primaryimage\",\"url\":\"https:\/\/www.polandpol.it\/wp-content\/uploads\/2021\/03\/wine-4813260_1920.jpg\",\"contentUrl\":\"https:\/\/www.polandpol.it\/wp-content\/uploads\/2021\/03\/wine-4813260_1920.jpg\",\"width\":1920,\"height\":1281},{\"@type\":\"BreadcrumbList\",\"@id\":\"https:\/\/www.polandpol.it\/en\/comunicato-stampa-assegnato-il-premio-sive-per-la-ricerca-2011-giuseppe-versini\/#breadcrumb\",\"itemListElement\":[{\"@type\":\"ListItem\",\"position\":1,\"name\":\"Home\",\"item\":\"https:\/\/www.polandpol.it\/en\/\"},{\"@type\":\"ListItem\",\"position\":2,\"name\":\"Comunicato stampa assegnato il premio sive per la ricerca 2011 \u2018giuseppe versini\u2019\"}]},{\"@type\":\"WebSite\",\"@id\":\"https:\/\/www.polandpol.it\/en\/#website\",\"url\":\"https:\/\/www.polandpol.it\/en\/\",\"name\":\"Pol &amp; Pol\",\"description\":\"Consulenze Enologiche\",\"publisher\":{\"@id\":\"https:\/\/www.polandpol.it\/en\/#organization\"},\"potentialAction\":[{\"@type\":\"SearchAction\",\"target\":{\"@type\":\"EntryPoint\",\"urlTemplate\":\"https:\/\/www.polandpol.it\/en\/?s={search_term_string}\"},\"query-input\":{\"@type\":\"PropertyValueSpecification\",\"valueRequired\":true,\"valueName\":\"search_term_string\"}}],\"inLanguage\":\"en-US\"},{\"@type\":\"Organization\",\"@id\":\"https:\/\/www.polandpol.it\/en\/#organization\",\"name\":\"Pol & Pol - Consulenze enologiche\",\"url\":\"https:\/\/www.polandpol.it\/en\/\",\"logo\":{\"@type\":\"ImageObject\",\"inLanguage\":\"en-US\",\"@id\":\"https:\/\/www.polandpol.it\/en\/#\/schema\/logo\/image\/\",\"url\":\"https:\/\/www.polandpol.it\/wp-content\/uploads\/2021\/04\/favicon.png\",\"contentUrl\":\"https:\/\/www.polandpol.it\/wp-content\/uploads\/2021\/04\/favicon.png\",\"width\":500,\"height\":500,\"caption\":\"Pol & Pol - Consulenze enologiche\"},\"image\":{\"@id\":\"https:\/\/www.polandpol.it\/en\/#\/schema\/logo\/image\/\"}},{\"@type\":\"Person\",\"@id\":\"https:\/\/www.polandpol.it\/en\/#\/schema\/person\/a704d1047a1f4d85a63f73e2029ba9e3\",\"name\":\"amministratore\",\"image\":{\"@type\":\"ImageObject\",\"inLanguage\":\"en-US\",\"@id\":\"https:\/\/www.polandpol.it\/en\/#\/schema\/person\/image\/\",\"url\":\"https:\/\/secure.gravatar.com\/avatar\/1661449fab31bec5144053cacf06a7bc541883edbec2b1c5bdbe4ca27f725d7a?s=96&d=mm&r=g\",\"contentUrl\":\"https:\/\/secure.gravatar.com\/avatar\/1661449fab31bec5144053cacf06a7bc541883edbec2b1c5bdbe4ca27f725d7a?s=96&d=mm&r=g\",\"caption\":\"amministratore\"},\"url\":\"https:\/\/www.polandpol.it\/en\/author\/amministratore\/\"}]}<\/script>\n<!-- \/ Yoast SEO plugin. -->","yoast_head_json":{"title":"Comunicato stampa assegnato il premio sive per la ricerca 2011 \u2018giuseppe versini\u2019 - Pol &amp; Pol","robots":{"index":"index","follow":"follow","max-snippet":"max-snippet:-1","max-image-preview":"max-image-preview:large","max-video-preview":"max-video-preview:-1"},"canonical":"https:\/\/www.polandpol.it\/en\/comunicato-stampa-assegnato-il-premio-sive-per-la-ricerca-2011-giuseppe-versini\/","og_locale":"en_US","og_type":"article","og_title":"Comunicato stampa assegnato il premio sive per la ricerca 2011 \u2018giuseppe versini\u2019 - Pol &amp; Pol","og_description":"Matteo Gatti, dell\u2019Istituto di Viticoltura dell\u2019Universit\u00e0 Cattolica di Piacenza, si aggiudica il primo posto con un lavoro sugli effetti della defogliazione precoce e del diradamento dei grappoli su Sangiovese La proclamazione del vincitore da parte del CdA Sive lo scorso 22 luglio ha finalizzato un processo di selezione iniziato a dicembre 2011 su una rosa [&hellip;]","og_url":"https:\/\/www.polandpol.it\/en\/comunicato-stampa-assegnato-il-premio-sive-per-la-ricerca-2011-giuseppe-versini\/","og_site_name":"Pol &amp; Pol","article_published_time":"2011-05-25T08:28:47+00:00","og_image":[{"width":1920,"height":1281,"url":"https:\/\/www.polandpol.it\/wp-content\/uploads\/2021\/03\/wine-4813260_1920.jpg","type":"image\/jpeg"}],"author":"amministratore","twitter_card":"summary_large_image","twitter_misc":{"Written by":"amministratore","Est. reading time":"8 minutes"},"schema":{"@context":"https:\/\/schema.org","@graph":[{"@type":"Article","@id":"https:\/\/www.polandpol.it\/en\/comunicato-stampa-assegnato-il-premio-sive-per-la-ricerca-2011-giuseppe-versini\/#article","isPartOf":{"@id":"https:\/\/www.polandpol.it\/en\/comunicato-stampa-assegnato-il-premio-sive-per-la-ricerca-2011-giuseppe-versini\/"},"author":{"name":"amministratore","@id":"https:\/\/www.polandpol.it\/en\/#\/schema\/person\/a704d1047a1f4d85a63f73e2029ba9e3"},"headline":"Comunicato stampa assegnato il premio sive per la ricerca 2011 \u2018giuseppe versini\u2019","datePublished":"2011-05-25T08:28:47+00:00","mainEntityOfPage":{"@id":"https:\/\/www.polandpol.it\/en\/comunicato-stampa-assegnato-il-premio-sive-per-la-ricerca-2011-giuseppe-versini\/"},"wordCount":1526,"commentCount":0,"publisher":{"@id":"https:\/\/www.polandpol.it\/en\/#organization"},"image":{"@id":"https:\/\/www.polandpol.it\/en\/comunicato-stampa-assegnato-il-premio-sive-per-la-ricerca-2011-giuseppe-versini\/#primaryimage"},"thumbnailUrl":"https:\/\/www.polandpol.it\/wp-content\/uploads\/2021\/03\/wine-4813260_1920.jpg","inLanguage":"en-US","potentialAction":[{"@type":"CommentAction","name":"Comment","target":["https:\/\/www.polandpol.it\/en\/comunicato-stampa-assegnato-il-premio-sive-per-la-ricerca-2011-giuseppe-versini\/#respond"]}]},{"@type":"WebPage","@id":"https:\/\/www.polandpol.it\/en\/comunicato-stampa-assegnato-il-premio-sive-per-la-ricerca-2011-giuseppe-versini\/","url":"https:\/\/www.polandpol.it\/en\/comunicato-stampa-assegnato-il-premio-sive-per-la-ricerca-2011-giuseppe-versini\/","name":"Comunicato stampa assegnato il premio sive per la ricerca 2011 \u2018giuseppe versini\u2019 - Pol &amp; Pol","isPartOf":{"@id":"https:\/\/www.polandpol.it\/en\/#website"},"primaryImageOfPage":{"@id":"https:\/\/www.polandpol.it\/en\/comunicato-stampa-assegnato-il-premio-sive-per-la-ricerca-2011-giuseppe-versini\/#primaryimage"},"image":{"@id":"https:\/\/www.polandpol.it\/en\/comunicato-stampa-assegnato-il-premio-sive-per-la-ricerca-2011-giuseppe-versini\/#primaryimage"},"thumbnailUrl":"https:\/\/www.polandpol.it\/wp-content\/uploads\/2021\/03\/wine-4813260_1920.jpg","datePublished":"2011-05-25T08:28:47+00:00","breadcrumb":{"@id":"https:\/\/www.polandpol.it\/en\/comunicato-stampa-assegnato-il-premio-sive-per-la-ricerca-2011-giuseppe-versini\/#breadcrumb"},"inLanguage":"en-US","potentialAction":[{"@type":"ReadAction","target":["https:\/\/www.polandpol.it\/en\/comunicato-stampa-assegnato-il-premio-sive-per-la-ricerca-2011-giuseppe-versini\/"]}]},{"@type":"ImageObject","inLanguage":"en-US","@id":"https:\/\/www.polandpol.it\/en\/comunicato-stampa-assegnato-il-premio-sive-per-la-ricerca-2011-giuseppe-versini\/#primaryimage","url":"https:\/\/www.polandpol.it\/wp-content\/uploads\/2021\/03\/wine-4813260_1920.jpg","contentUrl":"https:\/\/www.polandpol.it\/wp-content\/uploads\/2021\/03\/wine-4813260_1920.jpg","width":1920,"height":1281},{"@type":"BreadcrumbList","@id":"https:\/\/www.polandpol.it\/en\/comunicato-stampa-assegnato-il-premio-sive-per-la-ricerca-2011-giuseppe-versini\/#breadcrumb","itemListElement":[{"@type":"ListItem","position":1,"name":"Home","item":"https:\/\/www.polandpol.it\/en\/"},{"@type":"ListItem","position":2,"name":"Comunicato stampa assegnato il premio sive per la ricerca 2011 \u2018giuseppe versini\u2019"}]},{"@type":"WebSite","@id":"https:\/\/www.polandpol.it\/en\/#website","url":"https:\/\/www.polandpol.it\/en\/","name":"Pol &amp; Pol","description":"Consulenze Enologiche","publisher":{"@id":"https:\/\/www.polandpol.it\/en\/#organization"},"potentialAction":[{"@type":"SearchAction","target":{"@type":"EntryPoint","urlTemplate":"https:\/\/www.polandpol.it\/en\/?s={search_term_string}"},"query-input":{"@type":"PropertyValueSpecification","valueRequired":true,"valueName":"search_term_string"}}],"inLanguage":"en-US"},{"@type":"Organization","@id":"https:\/\/www.polandpol.it\/en\/#organization","name":"Pol & Pol - Consulenze enologiche","url":"https:\/\/www.polandpol.it\/en\/","logo":{"@type":"ImageObject","inLanguage":"en-US","@id":"https:\/\/www.polandpol.it\/en\/#\/schema\/logo\/image\/","url":"https:\/\/www.polandpol.it\/wp-content\/uploads\/2021\/04\/favicon.png","contentUrl":"https:\/\/www.polandpol.it\/wp-content\/uploads\/2021\/04\/favicon.png","width":500,"height":500,"caption":"Pol & Pol - Consulenze enologiche"},"image":{"@id":"https:\/\/www.polandpol.it\/en\/#\/schema\/logo\/image\/"}},{"@type":"Person","@id":"https:\/\/www.polandpol.it\/en\/#\/schema\/person\/a704d1047a1f4d85a63f73e2029ba9e3","name":"amministratore","image":{"@type":"ImageObject","inLanguage":"en-US","@id":"https:\/\/www.polandpol.it\/en\/#\/schema\/person\/image\/","url":"https:\/\/secure.gravatar.com\/avatar\/1661449fab31bec5144053cacf06a7bc541883edbec2b1c5bdbe4ca27f725d7a?s=96&d=mm&r=g","contentUrl":"https:\/\/secure.gravatar.com\/avatar\/1661449fab31bec5144053cacf06a7bc541883edbec2b1c5bdbe4ca27f725d7a?s=96&d=mm&r=g","caption":"amministratore"},"url":"https:\/\/www.polandpol.it\/en\/author\/amministratore\/"}]}},"_links":{"self":[{"href":"https:\/\/www.polandpol.it\/en\/wp-json\/wp\/v2\/posts\/1480","targetHints":{"allow":["GET"]}}],"collection":[{"href":"https:\/\/www.polandpol.it\/en\/wp-json\/wp\/v2\/posts"}],"about":[{"href":"https:\/\/www.polandpol.it\/en\/wp-json\/wp\/v2\/types\/post"}],"author":[{"embeddable":true,"href":"https:\/\/www.polandpol.it\/en\/wp-json\/wp\/v2\/users\/1"}],"replies":[{"embeddable":true,"href":"https:\/\/www.polandpol.it\/en\/wp-json\/wp\/v2\/comments?post=1480"}],"version-history":[{"count":0,"href":"https:\/\/www.polandpol.it\/en\/wp-json\/wp\/v2\/posts\/1480\/revisions"}],"wp:featuredmedia":[{"embeddable":true,"href":"https:\/\/www.polandpol.it\/en\/wp-json\/wp\/v2\/media\/1349"}],"wp:attachment":[{"href":"https:\/\/www.polandpol.it\/en\/wp-json\/wp\/v2\/media?parent=1480"}],"wp:term":[{"taxonomy":"category","embeddable":true,"href":"https:\/\/www.polandpol.it\/en\/wp-json\/wp\/v2\/categories?post=1480"},{"taxonomy":"post_tag","embeddable":true,"href":"https:\/\/www.polandpol.it\/en\/wp-json\/wp\/v2\/tags?post=1480"}],"curies":[{"name":"wp","href":"https:\/\/api.w.org\/{rel}","templated":true}]}}